{"id":1224881,"date":"2021-04-20T17:28:37","date_gmt":"2021-04-20T22:28:37","guid":{"rendered":"https:\/\/www.acapulcopress.com\/?p=1224881"},"modified":"2021-04-20T17:28:37","modified_gmt":"2021-04-20T22:28:37","slug":"otorgan-primera-suspension-provisional-contra-padron-de-telefonia-movil","status":"publish","type":"post","link":"https:\/\/www.acapulcopress.com\/index.php\/2021\/04\/20\/otorgan-primera-suspension-provisional-contra-padron-de-telefonia-movil\/","title":{"rendered":"Otorgan primera suspensi\u00f3n provisional contra &#8216;padr\u00f3n de telefon\u00eda m\u00f3vil&#8217;"},"content":{"rendered":"<p style=\"text-align: justify;\">CIUDAD DE M\u00c9XICO. * 20 de abril de 2021.<br \/>\n<em>] <a href=\"https:\/\/www.forbes.com.mx\/juez-otorga-primera-suspension-provisional-contra-padron-de-telefonia-movil\/\" target=\"_blank\" rel=\"noopener\">Forbes<\/a>.<\/em><\/p>\n<p style=\"text-align: justify;\">Un juez federal otorg\u00f3 la primera suspensi\u00f3n provisional contra el<em> Padr\u00f3n Nacional de Usuarios de Telefon\u00eda M\u00f3vil,<\/em> al considerar que dicha medida afectar\u00eda los derechos del usuario y no necesariamente contribuir\u00eda a reducir delitos.<\/p>\n<p style=\"text-align: justify;\">Juan Pablo G\u00f3mez Fierro, titular del Juzgado Segundo de Distrito en Materia Administrativa, Especializado en Competencia Econ\u00f3mica, Radiodifusi\u00f3n y Telecomunicaciones, argument\u00f3 que esta medida exenta al quejoso de su obligaci\u00f3n de registrar sus datos ante el padr\u00f3n y perder su l\u00ednea telef\u00f3nica.<\/p>\n<p style=\"text-align: justify;\">Aunque el juez reconoci\u00f3 que la reforma busca la protecci\u00f3n de datos y el combate a la inseguridad, alert\u00f3 que no garantiza plenamente que un delito se investigue de mejor manera.<\/p>\n<p style=\"text-align: justify;\">\u201cEste juez de Distrito advierte que la medida consistente en la entrega de datos personales y biom\u00e9tricos para registrar una l\u00ednea de telefon\u00eda m\u00f3vil en el Panaut, podr\u00eda no ser id\u00f3nea ni proporcional, ya que no se advierte una relaci\u00f3n directa o causal entre la existencia de ese padr\u00f3n y una mejor investigaci\u00f3n y persecuci\u00f3n de los delitos, es decir, el grado de realizaci\u00f3n del fin perseguido no necesariamente ser\u00e1 mayor que la afectaci\u00f3n a los derechos mencionados previamente\u201d, sostiene G\u00f3mez Fierro.<\/p>\n<p style=\"text-align: justify;\">El pr\u00f3ximo 27 de abril se llevar\u00e1 a cabo una audiencia incidental en la que se evaluar\u00e1 si se concede una suspensi\u00f3n definitiva.<\/p>\n<p style=\"text-align: justify;\">G\u00f3mez Fierro es el mismo juez que concedi\u00f3 el mes pasado las primeras suspensiones contra la reforma el\u00e9ctrica promovida por el presidente Andr\u00e9s Manuel L\u00f3pez Obrador.<\/p>\n","protected":false},"excerpt":{"rendered":"<p>CIUDAD DE M\u00c9XICO. * 20 de abril de 2021. ] Forbes. Un juez federal otorg\u00f3 la primera suspensi\u00f3n provisional contra el Padr\u00f3n Nacional de Usuarios de Telefon\u00eda M\u00f3vil, al considerar que dicha medida afectar\u00eda los derechos del usuario y no necesariamente contribuir\u00eda a reducir delitos. Juan Pablo G\u00f3mez Fierro, titular del Juzgado Segundo de Distrito&#8230;<\/p>\n","protected":false},"author":2,"featured_media":1224882,"comment_status":"closed","ping_status":"closed","sticky":false,"template":"","format":"standard","meta":{"footnotes":""},"categories":[1969],"tags":[3896,14162,14190],"class_list":["post-1224881","post","type-post","status-publish","format-standard","has-post-thumbnail","hentry","category-trending","tag-andres-manuel-lopez-obrador","tag-padron-nacional-de-usuarios-de-telefonia-movil","tag-panaut"],"_links":{"self":[{"href":"https:\/\/www.acapulcopress.com\/index.php\/wp-json\/wp\/v2\/posts\/1224881","targetHints":{"allow":["GET"]}}],"collection":[{"href":"https:\/\/www.acapulcopress.com\/index.php\/wp-json\/wp\/v2\/posts"}],"about":[{"href":"https:\/\/www.acapulcopress.com\/index.php\/wp-json\/wp\/v2\/types\/post"}],"author":[{"embeddable":true,"href":"https:\/\/www.acapulcopress.com\/index.php\/wp-json\/wp\/v2\/users\/2"}],"replies":[{"embeddable":true,"href":"https:\/\/www.acapulcopress.com\/index.php\/wp-json\/wp\/v2\/comments?post=1224881"}],"version-history":[{"count":0,"href":"https:\/\/www.acapulcopress.com\/index.php\/wp-json\/wp\/v2\/posts\/1224881\/revisions"}],"wp:featuredmedia":[{"embeddable":true,"href":"https:\/\/www.acapulcopress.com\/index.php\/wp-json\/"}],"wp:attachment":[{"href":"https:\/\/www.acapulcopress.com\/index.php\/wp-json\/wp\/v2\/media?parent=1224881"}],"wp:term":[{"taxonomy":"category","embeddable":true,"href":"https:\/\/www.acapulcopress.com\/index.php\/wp-json\/wp\/v2\/categories?post=1224881"},{"taxonomy":"post_tag","embeddable":true,"href":"https:\/\/www.acapulcopress.com\/index.php\/wp-json\/wp\/v2\/tags?post=1224881"}],"curies":[{"name":"wp","href":"https:\/\/api.w.org\/{rel}","templated":true}]}}