{"id":1224912,"date":"2021-04-20T20:59:03","date_gmt":"2021-04-21T01:59:03","guid":{"rendered":"https:\/\/www.acapulcopress.com\/?p=1224912"},"modified":"2021-04-20T20:59:03","modified_gmt":"2021-04-21T01:59:03","slug":"prohiben-a-fifa-uefa-y-otras-federaciones-obstruir-curso-de-superliga","status":"publish","type":"post","link":"https:\/\/www.acapulcopress.com\/index.php\/2021\/04\/20\/prohiben-a-fifa-uefa-y-otras-federaciones-obstruir-curso-de-superliga\/","title":{"rendered":"Proh\u00edben a FIFA, UEFA y otras federaciones obstruir curso de Superliga"},"content":{"rendered":"<p style=\"text-align: justify;\">MADRID. * 20 de abril de 2021.<br \/>\n<em>] <a href=\"https:\/\/es.euronews.com\/2021\/04\/20\/la-superliga-llega-a-los-tribunales-y-la-fifa-y-la-uefa-suben-el-tono\" target=\"_blank\" rel=\"noopener\">Euronews<\/a>.<\/em><\/p>\n<p style=\"text-align: justify;\">Un juzgado de Madrid proh\u00edbe a la <em>FIFA<\/em>, la <em>UEFA, LaLiga<\/em> y otras federaciones de f\u00fatbol adoptar cualquier medida que impida o complique la puesta en marcha de la <em>Superliga<\/em>. Mientras tanto, la Federaci\u00f3n Internacional de F\u00fatbol y la Uni\u00f3n de Federaciones Europeas de F\u00fatbol siguen en pie de guerra contra la nueva competici\u00f3n que, aseguran, va contra los valores del futbol.<\/p>\n<p style=\"text-align: justify;\">Pero la cosa se sigue complicando para la <em>Superliga<\/em>: Manchester City y Chelsea podr\u00edan estar en tr\u00e1mites para abandonar el reci\u00e9n nacido torneo. Las amenazas de la UEFA y la FIFA pueden haber hecho efecto.<\/p>\n<p style=\"text-align: justify;\">\u00abSi algunos eligen seguir su propio camino, entonces deben vivir con las consecuencias de su elecci\u00f3n. Son responsables de su elecci\u00f3n. Concretamente, esto significa que o est\u00e1s dentro o est\u00e1s fuera&#8230;\u00bb, advert\u00eda este martes el presidente de la FIFA, Gianni Infantino. Pero no era el \u00fanico, cerrando filas con \u00e9l, Aleksander Ceferin, su hom\u00f3logo de la UEFA, dec\u00eda esto: \u00abEntrad en raz\u00f3n, no por amor al f\u00fatbol, porque me imagino que algunos de vosotros no ten\u00e9is mucho de eso, sino por respeto a los que se desangran para poder ir al estadio a apoyar a su equipo y por querer que el sue\u00f1o se mantenga vivo , hacedlo por ellos\u00bb.<\/p>\n<p><code><\/code><\/p>\n<blockquote class=\"twitter-tweet\">\n<p dir=\"ltr\" lang=\"en\">\u00abFootball is part of our heritage. The Champions League is part of our heritage. We are custodians of an ideal. That of open competitions in which everyone can dream.<\/p>\n<p>\u00abRespect for history. Respect for tradition. Respect for others. This means something.\u00bb<\/p>\n<p>Full story:<\/p>\n<p>\u2014 UEFA (@UEFA) <a href=\"https:\/\/twitter.com\/UEFA\/status\/1384562507163914240?ref_src=twsrc%5Etfw\">April 20, 2021<\/a><\/p><\/blockquote>\n<p><script async src=\"https:\/\/platform.twitter.com\/widgets.js\" charset=\"utf-8\"><\/script><\/p>\n","protected":false},"excerpt":{"rendered":"<p>MADRID. * 20 de abril de 2021. ] Euronews. Un juzgado de Madrid proh\u00edbe a la FIFA, la UEFA, LaLiga y otras federaciones de f\u00fatbol adoptar cualquier medida que impida o complique la puesta en marcha de la Superliga. Mientras tanto, la Federaci\u00f3n Internacional de F\u00fatbol y la Uni\u00f3n de Federaciones Europeas de F\u00fatbol siguen&#8230;<\/p>\n","protected":false},"author":2,"featured_media":1224913,"comment_status":"closed","ping_status":"closed","sticky":false,"template":"","format":"standard","meta":{"footnotes":""},"categories":[1972,1988,18566,18576],"tags":[3575,5687,7620,8413,8628,11574,12344,16931,17586],"class_list":["post-1224912","post","type-post","status-publish","format-standard","has-post-thumbnail","hentry","category-special","category-lifestyles","category-sports-lifestyles","category-trends","tag-aleksander-ceferin","tag-chelsea","tag-efa","tag-federacion-internacional-de-futbol","tag-fifa","tag-la-liga","tag-manchester-city","tag-superliga","tag-union-de-federaciones-europeas-de-futbol-s"],"_links":{"self":[{"href":"https:\/\/www.acapulcopress.com\/index.php\/wp-json\/wp\/v2\/posts\/1224912","targetHints":{"allow":["GET"]}}],"collection":[{"href":"https:\/\/www.acapulcopress.com\/index.php\/wp-json\/wp\/v2\/posts"}],"about":[{"href":"https:\/\/www.acapulcopress.com\/index.php\/wp-json\/wp\/v2\/types\/post"}],"author":[{"embeddable":true,"href":"https:\/\/www.acapulcopress.com\/index.php\/wp-json\/wp\/v2\/users\/2"}],"replies":[{"embeddable":true,"href":"https:\/\/www.acapulcopress.com\/index.php\/wp-json\/wp\/v2\/comments?post=1224912"}],"version-history":[{"count":0,"href":"https:\/\/www.acapulcopress.com\/index.php\/wp-json\/wp\/v2\/posts\/1224912\/revisions"}],"wp:featuredmedia":[{"embeddable":true,"href":"https:\/\/www.acapulcopress.com\/index.php\/wp-json\/"}],"wp:attachment":[{"href":"https:\/\/www.acapulcopress.com\/index.php\/wp-json\/wp\/v2\/media?parent=1224912"}],"wp:term":[{"taxonomy":"category","embeddable":true,"href":"https:\/\/www.acapulcopress.com\/index.php\/wp-json\/wp\/v2\/categories?post=1224912"},{"taxonomy":"post_tag","embeddable":true,"href":"https:\/\/www.acapulcopress.com\/index.php\/wp-json\/wp\/v2\/tags?post=1224912"}],"curies":[{"name":"wp","href":"https:\/\/api.w.org\/{rel}","templated":true}]}}