{"id":1224921,"date":"2021-04-20T21:38:40","date_gmt":"2021-04-21T02:38:40","guid":{"rendered":"https:\/\/www.acapulcopress.com\/?p=1224921"},"modified":"2021-04-20T21:38:40","modified_gmt":"2021-04-21T02:38:40","slug":"declaran-a-derek-chauvin-culpable-de-la-muerte-de-george-floyd","status":"publish","type":"post","link":"https:\/\/www.acapulcopress.com\/index.php\/2021\/04\/20\/declaran-a-derek-chauvin-culpable-de-la-muerte-de-george-floyd\/","title":{"rendered":"Declaran a Derek Chauvin culpable de la muerte de George Floyd"},"content":{"rendered":"<p style=\"text-align: justify;\">MINEAPOLIS. * 20 de abril de 2021.<br \/>\n<em>] <a href=\"https:\/\/es.euronews.com\/2021\/04\/20\/derek-chauvin-declarado-culpable-de-la-muerte-de-george-floyd\" target=\"_blank\" rel=\"noopener\">Euronews<\/a>.<\/em><\/p>\n<p style=\"text-align: justify;\">Derek Chauvin fue declarado culpable por la muerte de George Floyd.<\/p>\n<p style=\"text-align: justify;\">El exagente de polic\u00eda, que presion\u00f3 con su rodilla el cuello del afroamericano George Floyd en Min\u00e9apolis en mayo de 2020 acabando con su vida, tendr\u00e1 que esperar para saber su condena, que podr\u00eda sumar varias d\u00e9cadas de c\u00e1rcel.<\/p>\n<p style=\"text-align: justify;\">El jurado le ha declarado culpable de los tres cargos a los que se enfrentaba: asesinato en segundo grado, penado con hasta 40 a\u00f1os de c\u00e1rcel; asesinato en tercer grado, con una condena m\u00e1xima de 25 a\u00f1os, y homicidio en segundo grado, que acarrea hasta 10 a\u00f1os de privaci\u00f3n de libertad.<\/p>\n<p style=\"text-align: justify;\">Al no tener antecedentes penales, solo pod\u00eda ser condenado a un m\u00e1ximo de 12 a\u00f1os y medio de prisi\u00f3n por los primeros dos cargos y a 4 a\u00f1os de c\u00e1rcel por el tercero.<\/p>\n<p style=\"text-align: justify;\"><strong>\u00abCrean en sus ojos. Lo que vieron, lo vieron\u00bb<\/strong><\/p>\n<p style=\"text-align: justify;\">En sus argumentos, el fiscal del estado de Minesota, Steve Schleicher, aclar\u00f3 que ser polic\u00eda es \u00abuna profesi\u00f3n noble\u00bb, pero que Chauvin \u00abtraicion\u00f3 su placa y todo lo que representaba\u00bb cuando presion\u00f3 el cuello de Floyd con su rodilla durante 9 minutos y 29 segundos.<\/p>\n<p style=\"text-align: justify;\">El fiscal subray\u00f3 que la manera en la que actu\u00f3 Chauvin \u00abno es la forma en que los polic\u00edas est\u00e1n entrenados, siguiendo las reglas\u00bb. \u00abEl acusado est\u00e1 siendo juzgado no por ser qui\u00e9n era, sino por lo que hizo\u00bb, dijo, mirando fijamente a los miembros del jurado.<\/p>\n<p style=\"text-align: justify;\">Para el fiscal, la \u00abclave\u00bb de este caso se encontraba en el propio video que dio la vuelta al mundo en mayo del a\u00f1o pasado. \u00abUsen su sentido com\u00fan. Crean en sus ojos. Lo que vieron, lo vieron\u00bb.<\/p>\n<p style=\"text-align: justify;\"><strong>Argumentos finales de la defensa<\/strong><\/p>\n<p style=\"text-align: justify;\">El abogado defensor de Chauvin, Eric Nelson, record\u00f3 la presunci\u00f3n de inocencia de su cliente y asegur\u00f3 que la Fiscal\u00eda no ha logrado demostrar su culpabilidad. Dijo que hay muchas pruebas de que Chauvin estaba en \u00abuna situaci\u00f3n din\u00e1mica y siempre cambiante\u00bb que le exig\u00eda adaptarse.<\/p>\n<p style=\"text-align: justify;\">El letrado defendi\u00f3 que exist\u00eda una duda razonable de que Chauvin no da\u00f1\u00f3 \u00abintencionadamente\u00bb a Floyd, y que la maniobra que utiliz\u00f3 \u00abno es un movimiento no autorizado\u00bb, por lo que el exagente cumpli\u00f3 con su deber dada la situaci\u00f3n.<\/p>\n","protected":false},"excerpt":{"rendered":"<p>MINEAPOLIS. * 20 de abril de 2021. ] Euronews. Derek Chauvin fue declarado culpable por la muerte de George Floyd. El exagente de polic\u00eda, que presion\u00f3 con su rodilla el cuello del afroamericano George Floyd en Min\u00e9apolis en mayo de 2020 acabando con su vida, tendr\u00e1 que esperar para saber su condena, que podr\u00eda sumar&#8230;<\/p>\n","protected":false},"author":2,"featured_media":1224926,"comment_status":"closed","ping_status":"closed","sticky":false,"template":"","format":"standard","meta":{"footnotes":""},"categories":[18561,2005],"tags":[7108,8017,9150,15189,16880],"class_list":["post-1224921","post","type-post","status-publish","format-standard","has-post-thumbnail","hentry","category-society-politics","category-seguridad-y-justicia","tag-derek-chauvin","tag-eric-nelson","tag-george-floyd","tag-r","tag-steve-schleicher"],"_links":{"self":[{"href":"https:\/\/www.acapulcopress.com\/index.php\/wp-json\/wp\/v2\/posts\/1224921","targetHints":{"allow":["GET"]}}],"collection":[{"href":"https:\/\/www.acapulcopress.com\/index.php\/wp-json\/wp\/v2\/posts"}],"about":[{"href":"https:\/\/www.acapulcopress.com\/index.php\/wp-json\/wp\/v2\/types\/post"}],"author":[{"embeddable":true,"href":"https:\/\/www.acapulcopress.com\/index.php\/wp-json\/wp\/v2\/users\/2"}],"replies":[{"embeddable":true,"href":"https:\/\/www.acapulcopress.com\/index.php\/wp-json\/wp\/v2\/comments?post=1224921"}],"version-history":[{"count":0,"href":"https:\/\/www.acapulcopress.com\/index.php\/wp-json\/wp\/v2\/posts\/1224921\/revisions"}],"wp:featuredmedia":[{"embeddable":true,"href":"https:\/\/www.acapulcopress.com\/index.php\/wp-json\/"}],"wp:attachment":[{"href":"https:\/\/www.acapulcopress.com\/index.php\/wp-json\/wp\/v2\/media?parent=1224921"}],"wp:term":[{"taxonomy":"category","embeddable":true,"href":"https:\/\/www.acapulcopress.com\/index.php\/wp-json\/wp\/v2\/categories?post=1224921"},{"taxonomy":"post_tag","embeddable":true,"href":"https:\/\/www.acapulcopress.com\/index.php\/wp-json\/wp\/v2\/tags?post=1224921"}],"curies":[{"name":"wp","href":"https:\/\/api.w.org\/{rel}","templated":true}]}}