{"id":1224927,"date":"2021-04-20T22:15:05","date_gmt":"2021-04-21T03:15:05","guid":{"rendered":"https:\/\/www.acapulcopress.com\/?p=1224927"},"modified":"2021-04-20T22:15:05","modified_gmt":"2021-04-21T03:15:05","slug":"por-obras-cerraran-tres-noches-la-circulacion-un-tramo-de-la-av-farrallon","status":"publish","type":"post","link":"https:\/\/www.acapulcopress.com\/index.php\/2021\/04\/20\/por-obras-cerraran-tres-noches-la-circulacion-un-tramo-de-la-av-farrallon\/","title":{"rendered":"Por obras, cerrar\u00e1n tres noches la circulaci\u00f3n un tramo de la Av. Farrall\u00f3n"},"content":{"rendered":"<p style=\"text-align: justify;\">ACAPULCO. * 20 de abril de 2021.<br \/>\n<em>] Gobierno de Acapulco.<\/em><\/p>\n<p style=\"text-align: justify;\">La Secretar\u00eda de Seguridad P\u00fablica (SSP) de Acapulco, a trav\u00e9s de la Polic\u00eda Vial, informa del cierre de circulaci\u00f3n de avenida Farall\u00f3n, en el tramo comprendido entre las calles Bella Vista y Coral, durante los d\u00edas martes, mi\u00e9rcoles y jueves con un horario de las 22:00 a las 06:00 horas.<\/p>\n<p style=\"text-align: justify;\">La restricci\u00f3n obedece a los trabajos de cambio de tuber\u00eda hidra\u00falica y sanitaria, como parte de la obra de mejoramiento que el Gobierno Estatal realiza en la avenida Farall\u00f3n, v\u00eda que conecta a la Garita con Costera Miguel Alem\u00e1n.<\/p>\n<p style=\"text-align: justify;\">Los trabajos se llevar\u00e1n a cabo desde hoy por la noche y durante el d\u00eda s\u00ed habr\u00e1 paso a los veh\u00edculos en ambos sentidos de circulaci\u00f3n, con la finalidad de evitar molestias a los ciudadanos que diariamente transitan por esta v\u00eda de comunicaci\u00f3n.<\/p>\n<p style=\"text-align: justify;\">Se recomienda precauci\u00f3n a los conductores y tomar en cuenta el cierre de circulaci\u00f3n por las noches de martes a jueves, as\u00ed como prever sus tiempos de traslado para evitar contratiempos.<\/p>\n<p><img loading=\"lazy\" decoding=\"async\" class=\"alignnone wp-image-1224928 size-large\" src=\"https:\/\/www.acapulco.press\/wp-content\/uploads\/2021\/04\/AV-FARALLON-ACA-2-840x355.jpeg\" alt=\"\" width=\"840\" height=\"355\" \/><\/p>\n","protected":false},"excerpt":{"rendered":"<p>ACAPULCO. * 20 de abril de 2021. ] Gobierno de Acapulco. La Secretar\u00eda de Seguridad P\u00fablica (SSP) de Acapulco, a trav\u00e9s de la Polic\u00eda Vial, informa del cierre de circulaci\u00f3n de avenida Farall\u00f3n, en el tramo comprendido entre las calles Bella Vista y Coral, durante los d\u00edas martes, mi\u00e9rcoles y jueves con un horario de&#8230;<\/p>\n","protected":false},"author":2,"featured_media":1224929,"comment_status":"closed","ping_status":"closed","sticky":false,"template":"","format":"standard","meta":{"footnotes":""},"categories":[18573,1981],"tags":[4444,9279,16262],"class_list":["post-1224927","post","type-post","status-publish","format-standard","has-post-thumbnail","hentry","category-goverment","category-acapulco","tag-av-farallon-acapulco","tag-gobierno-de-acapulco","tag-secretaria-de-seguridad-publica-acapulco-ssp"],"_links":{"self":[{"href":"https:\/\/www.acapulcopress.com\/index.php\/wp-json\/wp\/v2\/posts\/1224927","targetHints":{"allow":["GET"]}}],"collection":[{"href":"https:\/\/www.acapulcopress.com\/index.php\/wp-json\/wp\/v2\/posts"}],"about":[{"href":"https:\/\/www.acapulcopress.com\/index.php\/wp-json\/wp\/v2\/types\/post"}],"author":[{"embeddable":true,"href":"https:\/\/www.acapulcopress.com\/index.php\/wp-json\/wp\/v2\/users\/2"}],"replies":[{"embeddable":true,"href":"https:\/\/www.acapulcopress.com\/index.php\/wp-json\/wp\/v2\/comments?post=1224927"}],"version-history":[{"count":0,"href":"https:\/\/www.acapulcopress.com\/index.php\/wp-json\/wp\/v2\/posts\/1224927\/revisions"}],"wp:featuredmedia":[{"embeddable":true,"href":"https:\/\/www.acapulcopress.com\/index.php\/wp-json\/"}],"wp:attachment":[{"href":"https:\/\/www.acapulcopress.com\/index.php\/wp-json\/wp\/v2\/media?parent=1224927"}],"wp:term":[{"taxonomy":"category","embeddable":true,"href":"https:\/\/www.acapulcopress.com\/index.php\/wp-json\/wp\/v2\/categories?post=1224927"},{"taxonomy":"post_tag","embeddable":true,"href":"https:\/\/www.acapulcopress.com\/index.php\/wp-json\/wp\/v2\/tags?post=1224927"}],"curies":[{"name":"wp","href":"https:\/\/api.w.org\/{rel}","templated":true}]}}