{"id":1224944,"date":"2021-04-21T17:28:50","date_gmt":"2021-04-21T22:28:50","guid":{"rendered":"https:\/\/www.acapulcopress.com\/?p=1224944"},"modified":"2021-04-21T17:28:50","modified_gmt":"2021-04-21T22:28:50","slug":"felix-salgado-promueve-juicio-ciudadano-contra-seis-consejeros-del-ine","status":"publish","type":"post","link":"https:\/\/www.acapulcopress.com\/index.php\/2021\/04\/21\/felix-salgado-promueve-juicio-ciudadano-contra-seis-consejeros-del-ine\/","title":{"rendered":"F\u00e9lix Salgado promueve \u00abjuicio ciudadano\u00bb contra seis consejeros del INE"},"content":{"rendered":"<p style=\"text-align: justify;\">\u00bb <strong>Alonso Urrutia.<\/strong><br \/>\nCIUDAD DE M\u00c9XICO. * 21 de abril de 2021.<br \/>\n<em>] <a href=\"https:\/\/www.jornada.com.mx\/notas\/2021\/04\/21\/politica\/salgado-promueve-demanda-de-juicio-ciudadano-contra-seis-consejeros-del-ine\/\" target=\"_blank\" rel=\"noopener\">La Jornada<\/a>.<\/em><\/p>\n<p style=\"text-align: justify;\">En un nuevo recurso legal promovido ante el Tribunal Electoral del Poder Judicial de la Federaci\u00f3n (TEPJF)\u00a0 por el aspirante a candidato a gobernador por Morena, F\u00e9lix Salgado Macedonio, promovi\u00f3 una demanda de \u201cjuicio ciudadano\u201d en contra de los consejeros del Instituto Nacional Electoral (INE), Lorenzo C\u00f3rdova, presidente del organismo, Ciro Murayama, Jaime Rivera, Dania Ravel, Carla Humprhey y Claudia Zavala, quienes avalaron retirarle su candidatura a gobernador por incumplir en la entrega de informe de gastos de precampa\u00f1a.<\/p>\n<p style=\"text-align: justify;\">De forma paralela al recurso de apelaci\u00f3n en demanda de que se le restituya su candidatura a trav\u00e9s de un nuevo juicio para la protecci\u00f3n de derechos pol\u00edticos del ciudadano, Salgado Macedonio describe la cadena de agravios en su contra en los que incluye la violaci\u00f3n a sus derechos humanos, a su derecho a ser votado y a la garant\u00eda de audiencia.<\/p>\n<p style=\"text-align: justify;\">En este documento de poco m\u00e1s de 40 cuartillas, se\u00f1ala que para establecer una sanci\u00f3n de esta magnitud \u201cla autoridad debi\u00f3 garantizar los derechos de debida defensa\u201d lo que, asegura, no se dio en este caso. M\u00e1s adelante, refiere textualmente la postura del magistrado presidente del TEPJF, Jos\u00e9 Luis Vargas que se\u00f1al\u00f3 que la entrega extempor\u00e1nea del reporte del gasto de precampa\u00f1a, no ameritaba el retiro de la candidatura a Salgado y a Ra\u00fal Mor\u00f3n, en Michoac\u00e1n.<\/p>\n<p style=\"text-align: justify;\">\u201cCon su conducta pretenciosa, el INE los registro a mi candidato debido al incumplimiento de los informes de gastos, lo que implic\u00f3 la afectaci\u00f3n al derecho fundamental a ser votado.<\/p>\n<p style=\"text-align: justify;\">En el documento, Salgado menciona expresamente a los consejeros que votaron a favor de esta sanci\u00f3n y quienes se opusieron se\u00f1alando \u201cla falta de proporci\u00f3n en cuanto a la cantidad de dinero no reportada contra el castigo tan estricto\u201d. Refiere que en esa sesi\u00f3n, la representaci\u00f3n de Morena asegur\u00f3 que era absurdo \u201cpretender quitar la candidatura al morenista por ocho publicaciones en Facebook y casi 20 mil pesos en su precampa\u00f1a, lo cual no representa ni el 1 por ciento de lo establecido por a ley\u201d.<\/p>\n<p style=\"text-align: justify;\">En su demanda, solicita al TEPJF \u201cse d\u00e9 entrada a nuestra demanda y se se\u00f1ale fecha y hora para ratificar el escrito, con el objeto de exhibir las pruebas a favor de esta parte, una vez que me sea notificado el periodo probatorio<\/p>\n","protected":false},"excerpt":{"rendered":"<p>\u00bb Alonso Urrutia. CIUDAD DE M\u00c9XICO. * 21 de abril de 2021. ] La Jornada. En un nuevo recurso legal promovido ante el Tribunal Electoral del Poder Judicial de la Federaci\u00f3n (TEPJF)\u00a0 por el aspirante a candidato a gobernador por Morena, F\u00e9lix Salgado Macedonio, promovi\u00f3 una demanda de \u201cjuicio ciudadano\u201d en contra de los consejeros&#8230;<\/p>\n","protected":false},"author":2,"featured_media":1224950,"comment_status":"closed","ping_status":"closed","sticky":false,"template":"","format":"standard","meta":{"footnotes":""},"categories":[2052,2053,1972,18561],"tags":[5149,5802,5859,6907,8467,10337,10560,12057,13297,14903,17391],"class_list":["post-1224944","post","type-post","status-publish","format-standard","has-post-thumbnail","hentry","category-elecciones","category-elecciones-special","category-special","category-society-politics","tag-carla-humprhey","tag-ciro-murayama","tag-claudia-zavala","tag-dania-ravel","tag-felix-salgado-macedonio","tag-instituto-nacional-electoral-ine","tag-jaime-rivera","tag-lorenzo-cordova","tag-morena","tag-presidente-del-organismo","tag-tribunal-electoral-del-poder-judicial-de-la-federacion-tepjf"],"_links":{"self":[{"href":"https:\/\/www.acapulcopress.com\/index.php\/wp-json\/wp\/v2\/posts\/1224944","targetHints":{"allow":["GET"]}}],"collection":[{"href":"https:\/\/www.acapulcopress.com\/index.php\/wp-json\/wp\/v2\/posts"}],"about":[{"href":"https:\/\/www.acapulcopress.com\/index.php\/wp-json\/wp\/v2\/types\/post"}],"author":[{"embeddable":true,"href":"https:\/\/www.acapulcopress.com\/index.php\/wp-json\/wp\/v2\/users\/2"}],"replies":[{"embeddable":true,"href":"https:\/\/www.acapulcopress.com\/index.php\/wp-json\/wp\/v2\/comments?post=1224944"}],"version-history":[{"count":0,"href":"https:\/\/www.acapulcopress.com\/index.php\/wp-json\/wp\/v2\/posts\/1224944\/revisions"}],"wp:featuredmedia":[{"embeddable":true,"href":"https:\/\/www.acapulcopress.com\/index.php\/wp-json\/"}],"wp:attachment":[{"href":"https:\/\/www.acapulcopress.com\/index.php\/wp-json\/wp\/v2\/media?parent=1224944"}],"wp:term":[{"taxonomy":"category","embeddable":true,"href":"https:\/\/www.acapulcopress.com\/index.php\/wp-json\/wp\/v2\/categories?post=1224944"},{"taxonomy":"post_tag","embeddable":true,"href":"https:\/\/www.acapulcopress.com\/index.php\/wp-json\/wp\/v2\/tags?post=1224944"}],"curies":[{"name":"wp","href":"https:\/\/api.w.org\/{rel}","templated":true}]}}