{"id":1224952,"date":"2021-04-21T18:15:43","date_gmt":"2021-04-21T23:15:43","guid":{"rendered":"https:\/\/www.acapulcopress.com\/?p=1224952"},"modified":"2021-04-21T18:15:43","modified_gmt":"2021-04-21T23:15:43","slug":"a-mes-y-medio-de-la-eleccion-del-6-de-junio-mario-moreno-sigue-avanzando","status":"publish","type":"post","link":"https:\/\/www.acapulcopress.com\/index.php\/2021\/04\/21\/a-mes-y-medio-de-la-eleccion-del-6-de-junio-mario-moreno-sigue-avanzando\/","title":{"rendered":"A mes y medio de la elecci\u00f3n del 6 de junio, Mario Moreno sigue avanzando"},"content":{"rendered":"<p style=\"text-align: justify;\">Un Rapid\u00edn<br \/>\n] <strong>Con \u00c1ngel Irra Carceda<\/strong>.<br \/>\n<em>\u00bb angelirracar@hotmail.com.<\/em><\/p>\n<p style=\"text-align: justify;\">Caray.\u00a0El ariete de la alianza PRI-PRD, Mario Moreno Arcos, no ha bajado el ritmo y con tenacidad se ha ubicado ya <img loading=\"lazy\" decoding=\"async\" class=\"alignleft size-medium wp-image-1224956\" src=\"https:\/\/www.acapulco.press\/wp-content\/uploads\/2021\/04\/MARIO-IRRA4-375x250.jpg\" alt=\"\" width=\"375\" height=\"250\" \/>muy cerca de la gubernatura de Guerrero.<\/p>\n<p style=\"text-align: justify;\">A mes y medio de la elecci\u00f3n del seis de junio, ni sus oponentes pueden negar ese avance.<\/p>\n<p style=\"text-align: justify;\">La movilidad intensa que ha impuesto a su campa\u00f1a por todo el estado, por aqu\u00ed, all\u00e1 y acull\u00e1 trasciende y se comenta.<\/p>\n<p style=\"text-align: justify;\">Hace un mes muchos le daban pocas posibilidades de ganar la gubernatura, pero el escenario cambi\u00f3 radicalmente.<br \/>\nA la vez que avanzan reactivando las bases priistas y perredistas, han estado afinando ambos partidos sus estructuras y activistas electorales.<\/p>\n<p style=\"text-align: justify;\"><img loading=\"lazy\" decoding=\"async\" class=\"alignleft size-medium wp-image-1224955\" src=\"https:\/\/www.acapulco.press\/wp-content\/uploads\/2021\/04\/MARIO-IRRA3-375x250.jpg\" alt=\"\" width=\"375\" height=\"250\" \/>La afinaci\u00f3n a la maquinaria se observa igual que los resultados. Propios y extra\u00f1os lo admiten.<\/p>\n<p style=\"text-align: justify;\">Por supuesto que tengo amigos morenistas (de MORENA, pues), y durante los \u00faltimos d\u00edas ante su servidor han reconocido que cada vez ven m\u00e1s lejos la victoria por la gubernatura de Guerrero.<\/p>\n<p style=\"text-align: justify;\">Est\u00e1n molestos porque en MORENA siguen pasmados, mientras que, adem\u00e1s, con Mario Moreno siguen las adhesiones a su campa\u00f1a, en las que se incluyen a algunos actores pol\u00edticos que antes eran sus aliados e incluso ex <img loading=\"lazy\" decoding=\"async\" class=\"alignleft size-medium wp-image-1224954\" src=\"https:\/\/www.acapulco.press\/wp-content\/uploads\/2021\/04\/MARIO-IRRA2-375x169.jpg\" alt=\"\" width=\"375\" height=\"169\" \/>precandidatos del partido del presidente Andr\u00e9s Manuel L\u00f3pez Obrador.<\/p>\n<p style=\"text-align: justify;\">Pero, en los pr\u00f3ximos d\u00edas (el 24 de este mes) las posibilidades de Mario Moreno aumentar\u00e1n, porque arrancar\u00e1n campa\u00f1a los aspirantes a las alcald\u00edas por la alianza PRI-PRD, con sus compa\u00f1eros de planilla.<\/p>\n<p style=\"text-align: justify;\">Por lo pronto, espec\u00edficamente en Chilpancingo, ser observan <img loading=\"lazy\" decoding=\"async\" class=\"alignleft size-medium wp-image-1224957\" src=\"https:\/\/www.acapulco.press\/wp-content\/uploads\/2021\/04\/MARIO-IRRA5-375x289.jpg\" alt=\"\" width=\"375\" height=\"289\" \/>campa\u00f1as fuertes en los distritos locales 01 y 02, as\u00ed como en el 07 federal, con Fernando Calixto Cuevas, C\u00e9sar Armenta Adame y Beatriz V\u00e9lez N\u00fa\u00f1ez, respectivamente.<br \/>\nLos tres van sumando fuerza a la alianza. Hacen equipo y garantizan unidad en torno a Mario Moreno, y en cuatro d\u00edas se les unir\u00e1 Alejandro Arcos Catal\u00e1n, candidato a la alcald\u00eda de Chilpancingo.<\/p>\n<p style=\"text-align: justify;\">Y en la zona norte, en el distrito 23 local, el \u201cViejo Lobo de Mar\u201d, H\u00e9ctor Vicario Castrej\u00f3n, hace lo propio. El ex diputado local, ex diputado federal y ex senador mantiene paso firme con el firme prop\u00f3sito de echar a la buchaca muchos votos para su victoria y por la gubernatura.<\/p>\n","protected":false},"excerpt":{"rendered":"<p>Un Rapid\u00edn ] Con \u00c1ngel Irra Carceda. \u00bb angelirracar@hotmail.com. Caray.\u00a0El ariete de la alianza PRI-PRD, Mario Moreno Arcos, no ha bajado el ritmo y con tenacidad se ha ubicado ya muy cerca de la gubernatura de Guerrero. A mes y medio de la elecci\u00f3n del seis de junio, ni sus oponentes pueden negar ese avance&#8230;.<\/p>\n","protected":false},"author":2,"featured_media":1224953,"comment_status":"closed","ping_status":"closed","sticky":false,"template":"","format":"standard","meta":{"footnotes":""},"categories":[2071,1991],"tags":[3938,9738,12685,13297,14804,14914,17511],"class_list":["post-1224952","post","type-post","status-publish","format-standard","has-post-thumbnail","hentry","category-opinion-analisis-columnas","category-libertad-de-expresion","tag-angel-irra-carceda","tag-hector-vicario-castrejon","tag-mario-moreno-arcos","tag-morena","tag-prd","tag-pri","tag-un-rapidin"],"_links":{"self":[{"href":"https:\/\/www.acapulcopress.com\/index.php\/wp-json\/wp\/v2\/posts\/1224952","targetHints":{"allow":["GET"]}}],"collection":[{"href":"https:\/\/www.acapulcopress.com\/index.php\/wp-json\/wp\/v2\/posts"}],"about":[{"href":"https:\/\/www.acapulcopress.com\/index.php\/wp-json\/wp\/v2\/types\/post"}],"author":[{"embeddable":true,"href":"https:\/\/www.acapulcopress.com\/index.php\/wp-json\/wp\/v2\/users\/2"}],"replies":[{"embeddable":true,"href":"https:\/\/www.acapulcopress.com\/index.php\/wp-json\/wp\/v2\/comments?post=1224952"}],"version-history":[{"count":0,"href":"https:\/\/www.acapulcopress.com\/index.php\/wp-json\/wp\/v2\/posts\/1224952\/revisions"}],"wp:featuredmedia":[{"embeddable":true,"href":"https:\/\/www.acapulcopress.com\/index.php\/wp-json\/"}],"wp:attachment":[{"href":"https:\/\/www.acapulcopress.com\/index.php\/wp-json\/wp\/v2\/media?parent=1224952"}],"wp:term":[{"taxonomy":"category","embeddable":true,"href":"https:\/\/www.acapulcopress.com\/index.php\/wp-json\/wp\/v2\/categories?post=1224952"},{"taxonomy":"post_tag","embeddable":true,"href":"https:\/\/www.acapulcopress.com\/index.php\/wp-json\/wp\/v2\/tags?post=1224952"}],"curies":[{"name":"wp","href":"https:\/\/api.w.org\/{rel}","templated":true}]}}