{"id":1224973,"date":"2021-04-21T19:24:03","date_gmt":"2021-04-22T00:24:03","guid":{"rendered":"https:\/\/www.acapulcopress.com\/?p=1224973"},"modified":"2021-04-21T19:24:03","modified_gmt":"2021-04-22T00:24:03","slug":"detienen-a-diputado-federal-de-morena-acusado-de-abuso-sexual-a-menor-de-15-anos","status":"publish","type":"post","link":"https:\/\/www.acapulcopress.com\/index.php\/2021\/04\/21\/detienen-a-diputado-federal-de-morena-acusado-de-abuso-sexual-a-menor-de-15-anos\/","title":{"rendered":"Detienen a diputado federal de Morena acusado de abuso sexual a menor de 15 a\u00f1os"},"content":{"rendered":"<p style=\"text-align: justify;\">\u00bb <strong>Sara Pantoja<br \/>\n<\/strong>] CIUDAD DE M\u00c9XICO. * 21 de abril de 2021.<br \/>\n<em>| <a href=\"https:\/\/www.proceso.com.mx\/nacional\/2021\/4\/21\/detienen-diputado-de-morena-acusado-de-abuso-sexual-contra-un-menor-262430.html\" target=\"_blank\" rel=\"noopener\">Apro.<\/a><\/em><\/p>\n<p style=\"text-align: justify;\">El diputado federal de Morena, Sa\u00fal Benjam\u00edn Huerta Corona, fue detenido por su presunta responsabilidad en el delito de abuso sexual contra un menor de 15 a\u00f1os, a quien trajo de Puebla con el ofrecimiento de trabajo, pero lo agredi\u00f3 con tocamientos mientras se encontraban en un hotel de la Ciudad de M\u00e9xico.<\/p>\n<p style=\"text-align: justify;\">El legislador de 63 a\u00f1os, quien aleg\u00f3 que ten\u00eda fuero constitucional, fue aprehendido por polic\u00edas de la Secretar\u00eda de Seguridad Ciudadana (SSC), quienes lo trasladaron a las instalaciones de la Fiscal\u00eda de Investigaci\u00f3n de Delitos Sexuales de la Fiscal\u00eda General de Justicia (FGJ) de la Ciudad de M\u00e9xico, donde se abri\u00f3 una carpeta de investigaci\u00f3n en su contra por el delito de abuso sexual.<\/p>\n<p style=\"text-align: justify;\">De acuerdo con los primeros reportes, la ma\u00f1ana de este mi\u00e9rcoles el menor se encontraba en el hotel con el legislador morenista, representante de Puebla, por cuestiones de trabajo que \u00e9ste le ofreci\u00f3. Sin embargo, comenz\u00f3 a hacerle tocamientos e intent\u00f3 abusar sexualmente de \u00e9l.<\/p>\n<p style=\"text-align: justify;\">El adolescente logr\u00f3 escapar de su agresor, pidi\u00f3 ayuda al personal del hotel y \u00e9ste, a su vez, hizo una llamada al n\u00famero de emergencia 911. Fue as\u00ed como llegaron los uniformados y detuvieron al diputado.<\/p>\n<p style=\"text-align: justify;\">Adem\u00e1s, los polic\u00edas brindaron protecci\u00f3n al menor y le ofrecieron apoyo psicol\u00f3gico y legal para presentar su denuncia.<\/p>\n<p style=\"text-align: justify;\">De acuerdo con la FGJ, el Ministerio P\u00fablico pidi\u00f3 al personal de la Coordinaci\u00f3n de Investigaci\u00f3n Forense y Servicios Periciales que hiciera diferentes pruebas para obtener datos de prueba que puedan ser integrados en la indagatoria penal.<\/p>\n<p style=\"text-align: justify;\">En tanto, elementos de la Polic\u00eda de Investigaci\u00f3n buscan posibles testigos directos o indirectos, as\u00ed como im\u00e1genes de c\u00e1maras de vigilancia p\u00fablicas y privadas que puedan aportar evidencias del hecho denunciado.<\/p>\n<p style=\"text-align: justify;\">Asimismo, un equipo multidisciplinario de la Fiscal\u00eda de Investigaci\u00f3n de Delitos Sexuales atiende al menor agredido, con base en los protocolos internacionales de atenci\u00f3n a v\u00edctimas.<\/p>\n<p style=\"text-align: justify;\">Seg\u00fan la FGJ, \u201cla defensa del acusado ha presentado diversas documentales para acreditar que su representado cuenta con fuero constitucional\u201d.<\/p>\n<p style=\"text-align: justify;\">Actualmente el legislador poblano por el Distrito XI, que abarca la zona sur poniente de Puebla capital, realiza campa\u00f1a en busca de la reelecci\u00f3n.<\/p>\n","protected":false},"excerpt":{"rendered":"<p>\u00bb Sara Pantoja ] CIUDAD DE M\u00c9XICO. * 21 de abril de 2021. | Apro. El diputado federal de Morena, Sa\u00fal Benjam\u00edn Huerta Corona, fue detenido por su presunta responsabilidad en el delito de abuso sexual contra un menor de 15 a\u00f1os, a quien trajo de Puebla con el ofrecimiento de trabajo, pero lo agredi\u00f3&#8230;<\/p>\n","protected":false},"author":2,"featured_media":1224975,"comment_status":"closed","ping_status":"closed","sticky":false,"template":"","format":"standard","meta":{"footnotes":""},"categories":[2044,1972,18561,2005],"tags":[8684,13297,16085],"class_list":["post-1224973","post","type-post","status-publish","format-standard","has-post-thumbnail","hentry","category-justice","category-special","category-society-politics","category-seguridad-y-justicia","tag-fiscalia-general-de-justicia-fgjcdmx","tag-morena","tag-saul-benjamin-huerta-corona"],"_links":{"self":[{"href":"https:\/\/www.acapulcopress.com\/index.php\/wp-json\/wp\/v2\/posts\/1224973","targetHints":{"allow":["GET"]}}],"collection":[{"href":"https:\/\/www.acapulcopress.com\/index.php\/wp-json\/wp\/v2\/posts"}],"about":[{"href":"https:\/\/www.acapulcopress.com\/index.php\/wp-json\/wp\/v2\/types\/post"}],"author":[{"embeddable":true,"href":"https:\/\/www.acapulcopress.com\/index.php\/wp-json\/wp\/v2\/users\/2"}],"replies":[{"embeddable":true,"href":"https:\/\/www.acapulcopress.com\/index.php\/wp-json\/wp\/v2\/comments?post=1224973"}],"version-history":[{"count":0,"href":"https:\/\/www.acapulcopress.com\/index.php\/wp-json\/wp\/v2\/posts\/1224973\/revisions"}],"wp:featuredmedia":[{"embeddable":true,"href":"https:\/\/www.acapulcopress.com\/index.php\/wp-json\/"}],"wp:attachment":[{"href":"https:\/\/www.acapulcopress.com\/index.php\/wp-json\/wp\/v2\/media?parent=1224973"}],"wp:term":[{"taxonomy":"category","embeddable":true,"href":"https:\/\/www.acapulcopress.com\/index.php\/wp-json\/wp\/v2\/categories?post=1224973"},{"taxonomy":"post_tag","embeddable":true,"href":"https:\/\/www.acapulcopress.com\/index.php\/wp-json\/wp\/v2\/tags?post=1224973"}],"curies":[{"name":"wp","href":"https:\/\/api.w.org\/{rel}","templated":true}]}}