{"id":1224980,"date":"2021-04-21T21:37:04","date_gmt":"2021-04-22T02:37:04","guid":{"rendered":"https:\/\/www.acapulcopress.com\/?p=1224980"},"modified":"2021-04-21T21:37:04","modified_gmt":"2021-04-22T02:37:04","slug":"trife-perfila-ratificar-sancion-de-ine-a-felix","status":"publish","type":"post","link":"https:\/\/www.acapulcopress.com\/index.php\/2021\/04\/21\/trife-perfila-ratificar-sancion-de-ine-a-felix\/","title":{"rendered":"Trife perfila ratificar sanci\u00f3n de INE a F\u00e9lix"},"content":{"rendered":"<p style=\"text-align: justify;\">] CIUDAD DE M\u00c9XICO. * 21 de abril de 2021.<br \/>\n<em>| <a href=\"https:\/\/www.ejecentral.com.mx\/tribunal-perfilaria-cancelar-candidatura-de-felix-salgado\/\" target=\"_blank\" rel=\"noopener\">Eje Central<\/a>.<\/em><\/p>\n<p style=\"text-align: justify;\">La candidatura de F\u00e9lix Salgado Macedonio ser\u00eda cancelada, pues el proyecto del magistrado Indalfer Infante propondr\u00eda ratificar la sanci\u00f3n del Instituto Nacional Electoral.<\/p>\n<p style=\"text-align: justify;\">ejecentral pudo corroborar que el Tribunal Electoral del Poder Judicial de la Federaci\u00f3n tendr\u00e1 una sesi\u00f3n este jueves, en la que se discutir\u00e1n los asuntos de las candidaturas de Ra\u00fal Mor\u00f3n y F\u00e9lix Salgado.<\/p>\n<p style=\"text-align: justify;\">Esta ser\u00e1 la segunda ocasi\u00f3n que la Primera Sala de Tribunal Electoral del Poder Judicial de la Federaci\u00f3n trata el asunto de F\u00e9lix Salgado Macedonio.<\/p>\n<p style=\"text-align: justify;\">En la primera ocasi\u00f3n, determin\u00f3 que el aspirante morenista s\u00ed viol\u00f3 la ley, pero turn\u00f3 el asunto de nueva cuenta al INE para que esta instancia tomara en cuenta nuevos argumentos y emprender la sanci\u00f3n.<\/p>\n<p style=\"text-align: justify;\">Ahora, toc\u00f3 al magistrado Indalfer Infante elaborar el proyecto de sentencia, el cual perfilar\u00eda retirar la candidatura a F\u00e9lix Salgado, quien ha asegurado que respetar\u00e1 la decisi\u00f3n que se tome.<\/p>\n<p style=\"text-align: justify;\">Pese a que el magistrado divulg\u00f3 su proyecto s\u00f3lo en formato f\u00edsico y en un sobre para evitar que se filtrara, ha trascendido parte de su contenido.<\/p>\n<p style=\"text-align: justify;\">De esta forma, se plantear\u00eda seguir con la sanci\u00f3n impuesta por el INE al aspirante de Morena por la gubernatura de Guerrero por omitir presentar su informe de gastos de precampa\u00f1a.<\/p>\n","protected":false},"excerpt":{"rendered":"<p>] CIUDAD DE M\u00c9XICO. * 21 de abril de 2021. | Eje Central. La candidatura de F\u00e9lix Salgado Macedonio ser\u00eda cancelada, pues el proyecto del magistrado Indalfer Infante propondr\u00eda ratificar la sanci\u00f3n del Instituto Nacional Electoral. ejecentral pudo corroborar que el Tribunal Electoral del Poder Judicial de la Federaci\u00f3n tendr\u00e1 una sesi\u00f3n este jueves, en&#8230;<\/p>\n","protected":false},"author":2,"featured_media":1224981,"comment_status":"closed","ping_status":"closed","sticky":false,"template":"","format":"standard","meta":{"footnotes":""},"categories":[1997],"tags":[],"class_list":["post-1224980","post","type-post","status-publish","format-standard","has-post-thumbnail","hentry","category-noticias-destacadas"],"_links":{"self":[{"href":"https:\/\/www.acapulcopress.com\/index.php\/wp-json\/wp\/v2\/posts\/1224980","targetHints":{"allow":["GET"]}}],"collection":[{"href":"https:\/\/www.acapulcopress.com\/index.php\/wp-json\/wp\/v2\/posts"}],"about":[{"href":"https:\/\/www.acapulcopress.com\/index.php\/wp-json\/wp\/v2\/types\/post"}],"author":[{"embeddable":true,"href":"https:\/\/www.acapulcopress.com\/index.php\/wp-json\/wp\/v2\/users\/2"}],"replies":[{"embeddable":true,"href":"https:\/\/www.acapulcopress.com\/index.php\/wp-json\/wp\/v2\/comments?post=1224980"}],"version-history":[{"count":0,"href":"https:\/\/www.acapulcopress.com\/index.php\/wp-json\/wp\/v2\/posts\/1224980\/revisions"}],"wp:featuredmedia":[{"embeddable":true,"href":"https:\/\/www.acapulcopress.com\/index.php\/wp-json\/"}],"wp:attachment":[{"href":"https:\/\/www.acapulcopress.com\/index.php\/wp-json\/wp\/v2\/media?parent=1224980"}],"wp:term":[{"taxonomy":"category","embeddable":true,"href":"https:\/\/www.acapulcopress.com\/index.php\/wp-json\/wp\/v2\/categories?post=1224980"},{"taxonomy":"post_tag","embeddable":true,"href":"https:\/\/www.acapulcopress.com\/index.php\/wp-json\/wp\/v2\/tags?post=1224980"}],"curies":[{"name":"wp","href":"https:\/\/api.w.org\/{rel}","templated":true}]}}