{"id":1224987,"date":"2021-04-21T14:58:21","date_gmt":"2021-04-21T19:58:21","guid":{"rendered":"https:\/\/www.acapulcopress.com\/?p=1224987"},"modified":"2021-04-21T14:58:21","modified_gmt":"2021-04-21T19:58:21","slug":"sere-un-aliado-permanente-del-presidente-andres-manuel-lopez-obrador-mario-moreno","status":"publish","type":"post","link":"https:\/\/www.acapulcopress.com\/index.php\/2021\/04\/21\/sere-un-aliado-permanente-del-presidente-andres-manuel-lopez-obrador-mario-moreno\/","title":{"rendered":"Ser\u00e9 un aliado permanente del Presidente L\u00f3pez Obrador | Mario Moreno"},"content":{"rendered":"<p style=\"text-align: justify;\">] CIUDAD DE M\u00c9XICO. * 21 de abril de 2021.<br \/>\n<em>| Especial.<\/em><\/p>\n<p style=\"text-align: justify;\">El candidato a de la alianza PRI\/PRD al Gobierno de Guerrero, Mario Moreno Arcos, consider\u00f3 que el gobierno del presidente Andr\u00e9s Manuel L\u00f3pez Obrador debe regresar a ver a Guerrero en busca de progreso y desarrollo, no solo por el conflicto que est\u00e1 generando un aspirante a la gubernatura.<\/p>\n<p style=\"text-align: justify;\">Insisti\u00f3 en que \u00e9l, como pr\u00f3ximo gobernador, ser\u00e1 un aliado permanente del presidente L\u00f3pez Obrador, con quien mantendr\u00eda una relaci\u00f3n estrecha, de paz, de concordia y muy puntual para atender \u201clas grandes necesidades de Guerrero\u201d.<\/p>\n<p style=\"text-align: justify;\">Entrevistado en la capital del pa\u00eds, Moreno Arcos mencion\u00f3 que un estado como Guerrero, con tanta marginaci\u00f3n y pobreza, definitivamente no le puede apostar a una ruta de confrontaci\u00f3n\u201d, y enfatiz\u00f3 su prop\u00f3sito de atraer inversiones p\u00fablicas y privadas a la entidad.<\/p>\n<p style=\"text-align: justify;\">El candidato de la alianza \u201cVa por Guerrero\u201d consider\u00f3 que el estado necesita \u201cun gobierno serio y responsable que respete a las mujeres y a las instituciones; Guerrero no puede apostarle a un gobierno irresponsable, definitivamente\u201d.<\/p>\n<p style=\"text-align: justify;\">Adem\u00e1s de que, en este estado, debemos \u201ccambiar el chip\u201d porque \u201cno puede andar en la calle alguien que lastime, que ofenda, que violente a una mujer; no puede andar libre en la calle\u201d.<\/p>\n<p style=\"text-align: justify;\">Coment\u00f3 que est\u00e1 listo para el primer debate p\u00fablico que organiza el Instituto Electoral y de Participaci\u00f3n Ciudadana (IEPC), programado para el pr\u00f3ximo 28 de abril, en el que comentar\u00e1 sus principales propuestas de desarrollo econ\u00f3mico , del campo, salud y sobre todo de la atenci\u00f3n a las mujeres, garantizando condiciones para que gocen de una vida libre de violencia.<\/p>\n<p style=\"text-align: justify;\">Al respecto record\u00f3 que desde el inicio de la campa\u00f1a firm\u00f3 10 compromisos a favor de las mujeres de Guerrero, en los que prev\u00e9 la creaci\u00f3n de una Fiscal\u00eda Especial para la atenci\u00f3n de delitos contra ese sector. \u201cVamos a recuperar las estancias infantiles que tanto ayudan a las mujeres trabajadoras\u201d, destac\u00f3 Mario Moreno.<\/p>\n<p><code><iframe loading=\"lazy\" style=\"border: none; overflow: hidden;\" src=\"https:\/\/www.facebook.com\/plugins\/video.php?height=314&amp;href=https%3A%2F%2Fwww.facebook.com%2Fangelblanco.press%2Fvideos%2F2868902186703771%2F&amp;show_text=false&amp;width=560\" width=\"560\" height=\"314\" frameborder=\"0\" scrolling=\"no\" allowfullscreen=\"allowfullscreen\"><\/iframe><\/code><\/p>\n","protected":false},"excerpt":{"rendered":"<p>] CIUDAD DE M\u00c9XICO. * 21 de abril de 2021. | Especial. El candidato a de la alianza PRI\/PRD al Gobierno de Guerrero, Mario Moreno Arcos, consider\u00f3 que el gobierno del presidente Andr\u00e9s Manuel L\u00f3pez Obrador debe regresar a ver a Guerrero en busca de progreso y desarrollo, no solo por el conflicto que est\u00e1&#8230;<\/p>\n","protected":false},"author":2,"featured_media":1224988,"comment_status":"closed","ping_status":"closed","sticky":false,"template":"","format":"standard","meta":{"footnotes":""},"categories":[2052,18561],"tags":[2914,3896,5941,12685],"class_list":["post-1224987","post","type-post","status-publish","format-standard","has-post-thumbnail","hentry","category-elecciones","category-society-politics","tag-vaxguerrero","tag-andres-manuel-lopez-obrador","tag-coalicion-pri-prd-eleccion-guerrero-2021","tag-mario-moreno-arcos"],"_links":{"self":[{"href":"https:\/\/www.acapulcopress.com\/index.php\/wp-json\/wp\/v2\/posts\/1224987","targetHints":{"allow":["GET"]}}],"collection":[{"href":"https:\/\/www.acapulcopress.com\/index.php\/wp-json\/wp\/v2\/posts"}],"about":[{"href":"https:\/\/www.acapulcopress.com\/index.php\/wp-json\/wp\/v2\/types\/post"}],"author":[{"embeddable":true,"href":"https:\/\/www.acapulcopress.com\/index.php\/wp-json\/wp\/v2\/users\/2"}],"replies":[{"embeddable":true,"href":"https:\/\/www.acapulcopress.com\/index.php\/wp-json\/wp\/v2\/comments?post=1224987"}],"version-history":[{"count":0,"href":"https:\/\/www.acapulcopress.com\/index.php\/wp-json\/wp\/v2\/posts\/1224987\/revisions"}],"wp:featuredmedia":[{"embeddable":true,"href":"https:\/\/www.acapulcopress.com\/index.php\/wp-json\/"}],"wp:attachment":[{"href":"https:\/\/www.acapulcopress.com\/index.php\/wp-json\/wp\/v2\/media?parent=1224987"}],"wp:term":[{"taxonomy":"category","embeddable":true,"href":"https:\/\/www.acapulcopress.com\/index.php\/wp-json\/wp\/v2\/categories?post=1224987"},{"taxonomy":"post_tag","embeddable":true,"href":"https:\/\/www.acapulcopress.com\/index.php\/wp-json\/wp\/v2\/tags?post=1224987"}],"curies":[{"name":"wp","href":"https:\/\/api.w.org\/{rel}","templated":true}]}}