{"id":1224995,"date":"2021-04-21T13:38:18","date_gmt":"2021-04-21T18:38:18","guid":{"rendered":"https:\/\/www.acapulcopress.com\/?p=1224995"},"modified":"2021-04-21T13:38:18","modified_gmt":"2021-04-21T18:38:18","slug":"hector-vicario-las-propuestas-de-mi-agenda-legislativa-se-forman-cercadelagente","status":"publish","type":"post","link":"https:\/\/www.acapulcopress.com\/index.php\/2021\/04\/21\/hector-vicario-las-propuestas-de-mi-agenda-legislativa-se-forman-cercadelagente\/","title":{"rendered":"H\u00e9ctor Vicario | Las propuestas de mi agenda legislativa se forman #CercaDeLaGente"},"content":{"rendered":"<p style=\"text-align: justify;\"><img loading=\"lazy\" decoding=\"async\" class=\"alignnone wp-image-1225007 size-large\" src=\"https:\/\/www.acapulco.press\/wp-content\/uploads\/2021\/04\/VICARIOA1-840x559.jpeg\" alt=\"\" width=\"840\" height=\"559\" \/>] COPALILLO. * 21 de abril de 2021.<br \/>\n<em>| Especial.<\/em><\/p>\n<p style=\"text-align: justify;\">El candidato de la alianza PRI\/PRD a Diputado local por el Distrito 23 de Guerrero, H\u00e9ctor Vicario Castrej\u00f3n, dijo en <img loading=\"lazy\" decoding=\"async\" class=\"alignleft size-medium wp-image-1225013\" src=\"https:\/\/www.acapulco.press\/wp-content\/uploads\/2021\/04\/VICARIOA7-375x250.jpeg\" alt=\"\" width=\"375\" height=\"250\" \/>Copalillo que las propuestas de mi agenda legislativa se forman #CercaDeLaGente, por ello trabaja con sus amigas y amigos de Copalillo para conocer sus necesidades\u00a0 y juntos hacer las gestiones correspondientes que garantice la prosperidad del municipios.<\/p>\n<p style=\"text-align: justify;\">Vicario Castrej\u00f3n sigue firme en su objetivo de atraer beneficios para los artesanos de la regi\u00f3n e impulsando proyectos productivos para el sector econ\u00f3mico del municipio.<\/p>\n<p style=\"text-align: justify;\"><em>#VamosADarle<\/em> duro a las gestiones para fortalecer la infraestructura el\u00e9ctrica, educativa y las fuentes de empleo para activar el trabajo, como la elaboraci\u00f3n de hamacas.<\/p>\n<p style=\"text-align: justify;\">H\u00e9ctor Vicario dijo que escuchar\u00e1 la opini\u00f3n de todos, porque su proyecto legislativo se forma <em>#CercaDeLaGente<\/em> para gobernar en serio en beneficio de todos los guerrerenses.<\/p>\n\n","protected":false},"excerpt":{"rendered":"<p>] COPALILLO. * 21 de abril de 2021. | Especial. El candidato de la alianza PRI\/PRD a Diputado local por el Distrito 23 de Guerrero, H\u00e9ctor Vicario Castrej\u00f3n, dijo en Copalillo que las propuestas de mi agenda legislativa se forman #CercaDeLaGente, por ello trabaja con sus amigas y amigos de Copalillo para conocer sus necesidades\u00a0&#8230;<\/p>\n","protected":false},"author":2,"featured_media":1224997,"comment_status":"closed","ping_status":"closed","sticky":false,"template":"","format":"standard","meta":{"footnotes":""},"categories":[2052,18561],"tags":[3684,9738],"class_list":["post-1224995","post","type-post","status-publish","format-standard","has-post-thumbnail","hentry","category-elecciones","category-society-politics","tag-alianza-pri-prd-guerrero-2021","tag-hector-vicario-castrejon"],"_links":{"self":[{"href":"https:\/\/www.acapulcopress.com\/index.php\/wp-json\/wp\/v2\/posts\/1224995","targetHints":{"allow":["GET"]}}],"collection":[{"href":"https:\/\/www.acapulcopress.com\/index.php\/wp-json\/wp\/v2\/posts"}],"about":[{"href":"https:\/\/www.acapulcopress.com\/index.php\/wp-json\/wp\/v2\/types\/post"}],"author":[{"embeddable":true,"href":"https:\/\/www.acapulcopress.com\/index.php\/wp-json\/wp\/v2\/users\/2"}],"replies":[{"embeddable":true,"href":"https:\/\/www.acapulcopress.com\/index.php\/wp-json\/wp\/v2\/comments?post=1224995"}],"version-history":[{"count":0,"href":"https:\/\/www.acapulcopress.com\/index.php\/wp-json\/wp\/v2\/posts\/1224995\/revisions"}],"wp:featuredmedia":[{"embeddable":true,"href":"https:\/\/www.acapulcopress.com\/index.php\/wp-json\/"}],"wp:attachment":[{"href":"https:\/\/www.acapulcopress.com\/index.php\/wp-json\/wp\/v2\/media?parent=1224995"}],"wp:term":[{"taxonomy":"category","embeddable":true,"href":"https:\/\/www.acapulcopress.com\/index.php\/wp-json\/wp\/v2\/categories?post=1224995"},{"taxonomy":"post_tag","embeddable":true,"href":"https:\/\/www.acapulcopress.com\/index.php\/wp-json\/wp\/v2\/tags?post=1224995"}],"curies":[{"name":"wp","href":"https:\/\/api.w.org\/{rel}","templated":true}]}}