{"id":1225021,"date":"2021-04-21T23:51:37","date_gmt":"2021-04-22T04:51:37","guid":{"rendered":"https:\/\/www.acapulcopress.com\/?p=1225021"},"modified":"2021-04-21T23:51:37","modified_gmt":"2021-04-22T04:51:37","slug":"esta-semana-quedaran-cubiertos-81-municipios-con-vacunacion-covid19-astudillo","status":"publish","type":"post","link":"https:\/\/www.acapulcopress.com\/index.php\/2021\/04\/21\/esta-semana-quedaran-cubiertos-81-municipios-con-vacunacion-covid19-astudillo\/","title":{"rendered":"Esta semana quedar\u00e1n cubiertos 81 municipios con vacunaci\u00f3n Covid19 | Astudillo"},"content":{"rendered":"<p style=\"text-align: justify;\">] CHILPANCINGO. * 21 de abril de 2021.<br \/>\n<em>| Gobierno de Guerrero.<\/em><\/p>\n<p style=\"text-align: justify;\">Al encabezar la transmisi\u00f3n 359 sobre la evoluci\u00f3n del Covid-19 en la entidad, acompa\u00f1ado por el delegado de los Programas Federales en Guerrero, Iv\u00e1n Hern\u00e1ndez D\u00edaz, el gobernador H\u00e9ctor Astudillo Flores afirm\u00f3 que al t\u00e9rmino de la jornada de vacunaci\u00f3n de la presente semana, en el estado de Guerrero se habr\u00e1 aplicado, cuando menos, una dosis de vacuna a todos los adultos mayores.<\/p>\n<p style=\"text-align: justify;\">Junto al secretario de Salud, Carlos de la Pe\u00f1a Pintos y del jefe de la Oficina del Ejecutivo, Alejandro Bravo Abarca, el ejecutivo guerrerense inform\u00f3 que en breve se anunciar\u00e1 la fecha de la aplicaci\u00f3n de la segunda dosis en Acapulco.<br \/>\nEn su intervenci\u00f3n, el delegado federal de los programas Sociales, Iv\u00e1n Hern\u00e1ndez D\u00edaz se\u00f1al\u00f3 que los pr\u00f3ximos dos d\u00edas, la estrategia Nacional de Vacunaci\u00f3n tendr\u00e1 una jornada importante, con el inicio de la aplicaci\u00f3n de la vacuna contra el Covid-19, a 45 mil adultos mayores de 33 municipios del estado, con lo que se dar\u00e1 una cobertura total con al menos una dosis en los 81 municipios de Guerrero.<\/p>\n<p style=\"text-align: justify;\">En este sentido, dijo que la jornada iniciar\u00e1 el mi\u00e9rcoles 21 en los municipios de Ayutla, Juan R. Escudero, San Marcos y Tecoanapa, Copala, Cuautepec y Florencio Villarreal, en la Costa Chica, as\u00ed como Acatepec, Ahuacuotzingo, Chilapa, Heliodoro Castillo, Jos\u00e9 Joaqu\u00edn de Herrera, M\u00e1rtir de Cuilapan, Mochitl\u00e1n, Quechultenango y Zitlala, en las zonas Centro y Monta\u00f1a baja, donde se aplicar\u00e1 la vacuna Cansino, en una sola dosis.<\/p>\n<p style=\"text-align: justify;\">Agreg\u00f3 que el jueves 22 se aplicar\u00e1 la vacuna Cansino a adultos mayores de los municipios de Atenango del R\u00edo, Buenavista de Cu\u00e9llar, Cocula, Copalillo, Cuetzala del Progreso, Huitzuco de los Figueroa, Ixcateopan de Cuauht\u00e9moc, Pedro Ascencio Alquitiras, Tepecoacuilco y Tetipac, as\u00ed como General Canuto A. Neri, Teloloapan y Apaxtla de Castrej\u00f3n.<\/p>\n<p style=\"text-align: justify;\">Asimismo, el mismo jueves 22 de aplicar\u00e1 esta misma vacuna de una sola dosis a adultos mayores de Iliatenco y Cochoapa el Grande.<\/p>\n<p style=\"text-align: justify;\">Las personas que se van a vacunar deber\u00e1n presentar el preregistro hecho en la p\u00e1gina de Internet, identificaci\u00f3n oficial, la CURP y un comprobante de domicilio, y enfatiz\u00f3 que se atender\u00e1 a aquellas personas que no hayan recibido ninguna dosis del f\u00e1rmaco.<\/p>\n<p style=\"text-align: justify;\">En su turno, el secretario de Salud, Carlos de la Pe\u00f1a Pintos indic\u00f3 que la pandemia en Guerrero se encuentra en proceso de disminuci\u00f3n, con 38 mil 991 casos confirmados acumulados, 4 mil 240 defunciones y 70 nuevos casos en las \u00faltimas 24 horas, con 530 casos activos.<\/p>\n<p style=\"text-align: justify;\">Destac\u00f3 que existe cierta estabilizaci\u00f3n en la hospitalizaci\u00f3n, con 162 pacientes internados, de los cuales 17 se encuentra estables, 111 graves y 34 intubados en situaci\u00f3n cr\u00edtica.<\/p>\n<p style=\"text-align: justify;\">Van 166 defunciones en el mes de abril y un promedio de 8.7 decesos por d\u00eda, manteniendo una ocupaci\u00f3n de camas del 22 por ciento, 7 puntos arriba de la media nacional y en ocupaci\u00f3n de ventiladores se tiene el 15 por ciento, 3 puntos debajo de la media nacional.<\/p>\n","protected":false},"excerpt":{"rendered":"<p>] CHILPANCINGO. * 21 de abril de 2021. | Gobierno de Guerrero. Al encabezar la transmisi\u00f3n 359 sobre la evoluci\u00f3n del Covid-19 en la entidad, acompa\u00f1ado por el delegado de los Programas Federales en Guerrero, Iv\u00e1n Hern\u00e1ndez D\u00edaz, el gobernador H\u00e9ctor Astudillo Flores afirm\u00f3 que al t\u00e9rmino de la jornada de vacunaci\u00f3n de la presente&#8230;<\/p>\n","protected":false},"author":2,"featured_media":1225022,"comment_status":"closed","ping_status":"closed","sticky":false,"template":"","format":"standard","meta":{"footnotes":""},"categories":[18573,1983],"tags":[5185,6705,9302,9705,15170,16008,16242,16421,17697],"class_list":["post-1225021","post","type-post","status-publish","format-standard","has-post-thumbnail","hentry","category-goverment","category-guerrerogob","tag-carlos-de-la-pena-pintos","tag-covid19","tag-gobierno-de-guerrero","tag-hector-astudillo-flores","tag-quedate-en-casa","tag-sana-distancia","tag-secretaria-de-salud-de-guerrero-ssg","tag-semaforo-de-riesgo-covid19","tag-uso-obligatorio-de-cubrebocas"],"_links":{"self":[{"href":"https:\/\/www.acapulcopress.com\/index.php\/wp-json\/wp\/v2\/posts\/1225021","targetHints":{"allow":["GET"]}}],"collection":[{"href":"https:\/\/www.acapulcopress.com\/index.php\/wp-json\/wp\/v2\/posts"}],"about":[{"href":"https:\/\/www.acapulcopress.com\/index.php\/wp-json\/wp\/v2\/types\/post"}],"author":[{"embeddable":true,"href":"https:\/\/www.acapulcopress.com\/index.php\/wp-json\/wp\/v2\/users\/2"}],"replies":[{"embeddable":true,"href":"https:\/\/www.acapulcopress.com\/index.php\/wp-json\/wp\/v2\/comments?post=1225021"}],"version-history":[{"count":0,"href":"https:\/\/www.acapulcopress.com\/index.php\/wp-json\/wp\/v2\/posts\/1225021\/revisions"}],"wp:featuredmedia":[{"embeddable":true,"href":"https:\/\/www.acapulcopress.com\/index.php\/wp-json\/"}],"wp:attachment":[{"href":"https:\/\/www.acapulcopress.com\/index.php\/wp-json\/wp\/v2\/media?parent=1225021"}],"wp:term":[{"taxonomy":"category","embeddable":true,"href":"https:\/\/www.acapulcopress.com\/index.php\/wp-json\/wp\/v2\/categories?post=1225021"},{"taxonomy":"post_tag","embeddable":true,"href":"https:\/\/www.acapulcopress.com\/index.php\/wp-json\/wp\/v2\/tags?post=1225021"}],"curies":[{"name":"wp","href":"https:\/\/api.w.org\/{rel}","templated":true}]}}