{"id":1225036,"date":"2021-04-22T00:01:02","date_gmt":"2021-04-22T05:01:02","guid":{"rendered":"https:\/\/www.acapulcopress.com\/?p=1225036"},"modified":"2021-04-22T00:01:02","modified_gmt":"2021-04-22T05:01:02","slug":"guerrero-decimo-lugar-nacional-en-materia-de-homicidios-dolosos-gobernador","status":"publish","type":"post","link":"https:\/\/www.acapulcopress.com\/index.php\/2021\/04\/22\/guerrero-decimo-lugar-nacional-en-materia-de-homicidios-dolosos-gobernador\/","title":{"rendered":"Guerrero, d\u00e9cimo lugar nacional en materia de homicidios dolosos | Gobernador"},"content":{"rendered":"<p style=\"text-align: justify;\"><img loading=\"lazy\" decoding=\"async\" class=\"alignnone wp-image-1225038 size-large\" src=\"https:\/\/www.acapulco.press\/wp-content\/uploads\/2021\/04\/HAF-SEGURIDAD2-840x470.jpg\" alt=\"\" width=\"840\" height=\"470\" \/><\/p>\n<p style=\"text-align: justify;\">] ACAPULCO. * 21 de abril de 2021.<br \/>\n<em>| Gobierno de Guerrero.<\/em><\/p>\n<p style=\"text-align: justify;\">El estado de Guerrero logr\u00f3 mejorar su indicadores de seguridad y avanzar al d\u00e9cimo lugar nacional en materia de <img loading=\"lazy\" decoding=\"async\" class=\"alignleft size-medium wp-image-1225037\" src=\"https:\/\/www.acapulco.press\/wp-content\/uploads\/2021\/04\/HAF-SEGURIDAD-375x448.jpg\" alt=\"\" width=\"375\" height=\"448\" \/>homicidios dolosos, de acuerdo con el reporte del Secretariado Ejecutivo del Sistema Nacional de Seguridad P\u00fablica (SESNSP), dado a conocer este mi\u00e9rcoles durante la conferencia matutina del Presidente Andr\u00e9s Manuel L\u00f3pez Obrador.<\/p>\n<p style=\"text-align: justify;\">\u00abAgradezco mucho la colaboraci\u00f3n de la Mesa de Coordinaci\u00f3n para la Construcci\u00f3n de la Paz, vale la pena destacar el anuncio del d\u00eda de hoy en la conferencia del Presidente L\u00f3pez Obrador, seguimos en d\u00e9cimo lugar nacional en el indicador delictivo, hemos avanzado del noveno al d\u00e9cimo lugar, hay que reforzar los esfuerzos para mejorar los resultados y poder acercarnos al onceavo lugar\u00bb, se\u00f1al\u00f3 el Gobernador H\u00e9ctor Astudillo Flores.<\/p>\n<p style=\"text-align: justify;\">Durante la sesi\u00f3n virtual de la Mesa de Coordinaci\u00f3n para la Construcci\u00f3n de la Paz se analiz\u00f3 el listado de las diez urbes m\u00e1s violentas del mundo, se\u00f1alado por el Consejo Ciudadano de Seguridad P\u00fablica y Justicia Penal, donde figuran en los primeros lugares siete ciudades de M\u00e9xico en el ranking por homicidios dolosos por cada 100 mil habitantes, donde cabe resaltar qu\u00e9 ninguna de ellas pertenecientes al Estado de Guerrero.<\/p>\n<p style=\"text-align: justify;\"><img loading=\"lazy\" decoding=\"async\" class=\"alignleft size-medium wp-image-1225040\" src=\"https:\/\/www.acapulco.press\/wp-content\/uploads\/2021\/04\/HAF-SEGURIDAD4-375x280.jpg\" alt=\"\" width=\"375\" height=\"280\" \/>El Secretario de Seguridad P\u00fablica del Estado, David Portillo Menchaca, inform\u00f3 de la incidencia delictiva en Guerrero durante las \u00faltimas 24 horas, por su parte, el Fiscal General del Estado, Jorge Zuriel de los Santos Barrila, dio cuenta del proceso de investigaci\u00f3n por la muerte de una mujer y su hija en fechas anteriores en el Municipio de Tlapa de Comonfort y el Gobernador Astudillo Flores, llam\u00f3 a reforzar esas investigaciones bajo los protocolos de feminicidio, con profundidad, objetividad y sentido de justicia.<\/p>\n<p style=\"text-align: justify;\">En la Mesa de Coordinaci\u00f3n el Gobernador H\u00e9ctor Astudillo Flores, dio seguimiento a la atenci\u00f3n de seguridad y social que su Gobierno, la Polic\u00eda Estatal, el Ej\u00e9rcito, la Marina y la <img loading=\"lazy\" decoding=\"async\" class=\"alignleft size-medium wp-image-1225039\" src=\"https:\/\/www.acapulco.press\/wp-content\/uploads\/2021\/04\/HAF-SEGURIDAD3-375x282.jpg\" alt=\"\" width=\"375\" height=\"282\" \/>Guardia Nacional, han llevado a las familias del ejido Las Conchitas, en el Municipio de San Miguel Totolapan.<\/p>\n<p style=\"text-align: justify;\">En ese sentido, asisti\u00f3 a la sesi\u00f3n de la Mesa de Coordinaci\u00f3n, el Director General para la Protecci\u00f3n de Personas Defensoras de Derechos Humanos y Periodistas de la Secretar\u00eda de Gobernaci\u00f3n, Jorge Ruiz del \u00c1ngel, quien reconoci\u00f3 el apoyo del Gobierno del Estado y las instancias federales a los habitantes de Las Conchitas y familiares del ex Comisario Carlos M\u00e1rquez Oyorz\u00e1bal quien fue ultimado en esa zona en fechas anteriores.<\/p>\n<p style=\"text-align: justify;\">\u00abHa habido una comunicaci\u00f3n con los habitantes de Las Conchitas. Yo he hablado directamente por tel\u00e9fono con familiares de quien fuera el Comisario, Carlos M\u00e1rquez Oyorz\u00e1bal. Estamos pendientes para seguir haciendo lo que nos corresponda. El Ej\u00e9rcito Mexicano actu\u00f3 de manera r\u00e1pida, ah\u00ed ha estado con la Polic\u00eda del Estado y en varias ocasiones\u00bb, puntualiz\u00f3 el Gobernador Astudillo Flores.<\/p>\n<p style=\"text-align: justify;\">En este caso, el Secretario de Seguridad P\u00fablica, Portillo Menchaca, inform\u00f3 que luego de la primera alerta que se tuvo de la comunidad de Las Conchitas, se actu\u00f3 de manera inmediata en coordinaci\u00f3n con una Base de Operaciones con el Ej\u00e9rcito Mexicano realizando tareas de vigilancia y entregando de apoyos alimentarios a las familias, posteriormente se entregaron v\u00edveres, adem\u00e1s de mantener comunicaci\u00f3n permanente, y una estrategia de vigilancia acorde con la zona geogr\u00e1fica.<\/p>\n<p style=\"text-align: justify;\">Por su parte la representante de la Unidad Estatal para la Protecci\u00f3n de personas de los Derechos Humanos y periodistas, Lourdes Cisneros, indic\u00f3 que se ha dado seguimiento puntual al tema para reforzar las acciones en torno a las condiciones de la comunidad de las Conchitas.<\/p>\n<p style=\"text-align: justify;\">El secretario general de Gobierno, Florencio Salazar Adame, indic\u00f3 que por instrucciones del gobernador, se ha mantenido una estrecha coordinaci\u00f3n con la direcci\u00f3n General para la Protecci\u00f3n de Personas Defensoras de Derechos Humanos y Periodistas, con la instalaci\u00f3n de dos oficinas de atenci\u00f3n en Iguala y Acapulco, talleres de capacitaci\u00f3n, participaci\u00f3n interinstitucional, acciones sin precedente en el pa\u00eds.<\/p>\n<p style=\"text-align: justify;\">Ruiz del \u00c1ngel, en representaci\u00f3n del Subsecretario de Gobernaci\u00f3n, Alejandro Encinas, reconoci\u00f3 que Guerrero es la \u00fanica entidad federativa en el pa\u00eds donde se ha colocado la protecci\u00f3n de periodistas y defensores de derechos humanos como prioritario.<\/p>\n<p style=\"text-align: justify;\">El Delegado Federal en Guerrero, Iv\u00e1n Hern\u00e1ndez D\u00edaz, inform\u00f3 a la Mesa de Coordinaci\u00f3n que en el proceso de la aplicaci\u00f3n de las vacunas contra COVID-19 transcurre con normalidad con el apoyo de todas las instituciones en los distintos puntos programados.<\/p>\n<p style=\"text-align: justify;\">Por su parte, el Secretario de Protecci\u00f3n Civil, Marco C\u00e9sar Mayares Salvador, inform\u00f3 que se incremento a 18 el n\u00famero de incendios forestales en Guerrero mismo que est\u00e1n siendo atendidos por parte de la Secretar\u00eda de la Defensa Nacional y las instituciones de los tres \u00f3rdenes de Gobierno.<\/p>\n<p style=\"text-align: justify;\">Estuvieron presentes el Comandante de la Novena Regi\u00f3n Militar, Eufemio Ibarra Flores, el Comandante de la Octava Regi\u00f3n Naval, Julio C\u00e9sar Pescina \u00c1vila, el Comandante de la 35 zona Militar, Miguel \u00c1ngel Aguirre Lara, el Comandante de la 27 zona Militar, Federico San Juan Rosales, el Coordinador Estatal de la Guardia Nacional, Lucio Vergara G\u00f3mez, el Delegado de la FGR, Fernando Garc\u00eda Fern\u00e1ndez, el representante del Centro Nacional de Inteligencia, Juan Gabriel Sosa Pintos.<\/p>\n<p style=\"text-align: justify;\">El Fiscal General del Estado, Jorge Zuriel de los Santos Barrila, el Presidente de la Comisi\u00f3n Estatal de Derechos Humanos, Ram\u00f3n Navarrete Magdaleno, el Secretario T\u00e9cnico, Hermes Teodoro Gonz\u00e1lez, el Secretario de Salud, Carlos de la Pe\u00f1a Pintos, el Secretario de Turismo, Ernesto Rodr\u00edguez Escalona, el Presidente de la Coparmex Chilpancingo, Joel Moreno Temelo, entre otros funcionarios estatales y federales.<\/p>\n","protected":false},"excerpt":{"rendered":"<p>] ACAPULCO. * 21 de abril de 2021. | Gobierno de Guerrero. El estado de Guerrero logr\u00f3 mejorar su indicadores de seguridad y avanzar al d\u00e9cimo lugar nacional en materia de homicidios dolosos, de acuerdo con el reporte del Secretariado Ejecutivo del Sistema Nacional de Seguridad P\u00fablica (SESNSP), dado a conocer este mi\u00e9rcoles durante la&#8230;<\/p>\n","protected":false},"author":2,"featured_media":1225039,"comment_status":"closed","ping_status":"closed","sticky":false,"template":"","format":"standard","meta":{"footnotes":""},"categories":[18573,1983],"tags":[6705,8682,9302,9705,10946,12964,16421],"class_list":["post-1225036","post","type-post","status-publish","format-standard","has-post-thumbnail","hentry","category-goverment","category-guerrerogob","tag-covid19","tag-fiscalia-general-de-guerrero-fge","tag-gobierno-de-guerrero","tag-hector-astudillo-flores","tag-jorge-zuriel-de-los-santos-barrila","tag-mesa-de-coordinacion-para-la-construccion-de-la-paz","tag-semaforo-de-riesgo-covid19"],"_links":{"self":[{"href":"https:\/\/www.acapulcopress.com\/index.php\/wp-json\/wp\/v2\/posts\/1225036","targetHints":{"allow":["GET"]}}],"collection":[{"href":"https:\/\/www.acapulcopress.com\/index.php\/wp-json\/wp\/v2\/posts"}],"about":[{"href":"https:\/\/www.acapulcopress.com\/index.php\/wp-json\/wp\/v2\/types\/post"}],"author":[{"embeddable":true,"href":"https:\/\/www.acapulcopress.com\/index.php\/wp-json\/wp\/v2\/users\/2"}],"replies":[{"embeddable":true,"href":"https:\/\/www.acapulcopress.com\/index.php\/wp-json\/wp\/v2\/comments?post=1225036"}],"version-history":[{"count":0,"href":"https:\/\/www.acapulcopress.com\/index.php\/wp-json\/wp\/v2\/posts\/1225036\/revisions"}],"wp:featuredmedia":[{"embeddable":true,"href":"https:\/\/www.acapulcopress.com\/index.php\/wp-json\/"}],"wp:attachment":[{"href":"https:\/\/www.acapulcopress.com\/index.php\/wp-json\/wp\/v2\/media?parent=1225036"}],"wp:term":[{"taxonomy":"category","embeddable":true,"href":"https:\/\/www.acapulcopress.com\/index.php\/wp-json\/wp\/v2\/categories?post=1225036"},{"taxonomy":"post_tag","embeddable":true,"href":"https:\/\/www.acapulcopress.com\/index.php\/wp-json\/wp\/v2\/tags?post=1225036"}],"curies":[{"name":"wp","href":"https:\/\/api.w.org\/{rel}","templated":true}]}}