{"id":1225046,"date":"2021-04-19T00:27:13","date_gmt":"2021-04-19T05:27:13","guid":{"rendered":"https:\/\/www.acapulcopress.com\/?p=1225046"},"modified":"2021-04-19T00:27:13","modified_gmt":"2021-04-19T05:27:13","slug":"rector-alfredo-romero-toma-protesta-a-la-coordinacion-general-de-comunicacion-de-uagro","status":"publish","type":"post","link":"https:\/\/www.acapulcopress.com\/index.php\/2021\/04\/19\/rector-alfredo-romero-toma-protesta-a-la-coordinacion-general-de-comunicacion-de-uagro\/","title":{"rendered":"Rector Alfredo Romero toma protesta a la Coordinaci\u00f3n General de Comunicaci\u00f3n de UAGro"},"content":{"rendered":"<p style=\"text-align: justify;\">] CHILPANCINGO. * 19 de abril de 2021.<br \/>\n<em>| UAGro.<\/em><\/p>\n<p style=\"text-align: justify;\">El rector de la Universidad Aut\u00f3noma de Guerrero (UAGro), Jos\u00e9 Alfredo Romero Olea, tom\u00f3 protesta a coordinadores y jefes de \u00e1rea de la Coordinaci\u00f3n General de Comunicaci\u00f3n y Relaciones P\u00fablicas a quienes llam\u00f3 a seguir trabajando en este periodo de transici\u00f3n, en unidad institucional.<\/p>\n<p style=\"text-align: justify;\">Romero Olea reconoci\u00f3 la labor que esta coordinaci\u00f3n ha desempe\u00f1ado en el periodo de su antecesor, el Dr. Javier Salda\u00f1a Almaz\u00e1n, por lo que confi\u00f3 en que todos \u201csumaremos esfuerzos para continuar posicionando la imagen institucional y las acciones de la UAGro en el plano nacional e internacional\u201d.<\/p>\n<p>&nbsp;<\/p>\n","protected":false},"excerpt":{"rendered":"<p>] CHILPANCINGO. * 19 de abril de 2021. | UAGro. El rector de la Universidad Aut\u00f3noma de Guerrero (UAGro), Jos\u00e9 Alfredo Romero Olea, tom\u00f3 protesta a coordinadores y jefes de \u00e1rea de la Coordinaci\u00f3n General de Comunicaci\u00f3n y Relaciones P\u00fablicas a quienes llam\u00f3 a seguir trabajando en este periodo de transici\u00f3n, en unidad institucional. Romero&#8230;<\/p>\n","protected":false},"author":2,"featured_media":1225048,"comment_status":"closed","ping_status":"closed","sticky":false,"template":"","format":"standard","meta":{"footnotes":""},"categories":[18561,2016],"tags":[10980,17610],"class_list":["post-1225046","post","type-post","status-publish","format-standard","has-post-thumbnail","hentry","category-society-politics","category-uagro-society-politics","tag-jose-alfredo-romero-olea","tag-universidad-autonoma-de-guerrero-uagro"],"_links":{"self":[{"href":"https:\/\/www.acapulcopress.com\/index.php\/wp-json\/wp\/v2\/posts\/1225046","targetHints":{"allow":["GET"]}}],"collection":[{"href":"https:\/\/www.acapulcopress.com\/index.php\/wp-json\/wp\/v2\/posts"}],"about":[{"href":"https:\/\/www.acapulcopress.com\/index.php\/wp-json\/wp\/v2\/types\/post"}],"author":[{"embeddable":true,"href":"https:\/\/www.acapulcopress.com\/index.php\/wp-json\/wp\/v2\/users\/2"}],"replies":[{"embeddable":true,"href":"https:\/\/www.acapulcopress.com\/index.php\/wp-json\/wp\/v2\/comments?post=1225046"}],"version-history":[{"count":0,"href":"https:\/\/www.acapulcopress.com\/index.php\/wp-json\/wp\/v2\/posts\/1225046\/revisions"}],"wp:featuredmedia":[{"embeddable":true,"href":"https:\/\/www.acapulcopress.com\/index.php\/wp-json\/"}],"wp:attachment":[{"href":"https:\/\/www.acapulcopress.com\/index.php\/wp-json\/wp\/v2\/media?parent=1225046"}],"wp:term":[{"taxonomy":"category","embeddable":true,"href":"https:\/\/www.acapulcopress.com\/index.php\/wp-json\/wp\/v2\/categories?post=1225046"},{"taxonomy":"post_tag","embeddable":true,"href":"https:\/\/www.acapulcopress.com\/index.php\/wp-json\/wp\/v2\/tags?post=1225046"}],"curies":[{"name":"wp","href":"https:\/\/api.w.org\/{rel}","templated":true}]}}