{"id":1225063,"date":"2021-04-22T00:47:45","date_gmt":"2021-04-22T05:47:45","guid":{"rendered":"https:\/\/www.acapulcopress.com\/?p=1225063"},"modified":"2021-04-22T00:47:45","modified_gmt":"2021-04-22T05:47:45","slug":"preocupante-polarizacion-y-alza-de-ataques-de-amlo-a-medios-sip","status":"publish","type":"post","link":"https:\/\/www.acapulcopress.com\/index.php\/2021\/04\/22\/preocupante-polarizacion-y-alza-de-ataques-de-amlo-a-medios-sip\/","title":{"rendered":"\u201cPreocupante, polarizaci\u00f3n y alza de ataques de AMLO a medios\u201d | SIP"},"content":{"rendered":"<p style=\"text-align: justify;\">] CIUDAD DE M\u00c9XICO. * 21 de abril de 2021.<br \/>\n<em>| <a href=\"https:\/\/latinus.us\/2021\/04\/21\/preocupante-polarizacion-alza-ataques-amlo-medios-alerta-sociedad-interamericana-prensa\/#.YIBjgATnXHc.whatsapp\" target=\"_blank\" rel=\"noopener\">Latinus<\/a>.<\/em><\/p>\n<p style=\"text-align: justify;\">La Sociedad Interamericana de Prensa (SIP) advirti\u00f3 de la preocupante escalada de ataques a medios y periodistas por parte del presidente de M\u00e9xico, Andr\u00e9s Manuel L\u00f3pez Obrador, en un ambiente polarizado de frente a las elecciones intermedias del 6 de junio y con una pandemia que no se ha podido controlar.<\/p>\n<p style=\"text-align: justify;\">El organismo mencion\u00f3 que desde el espacio p\u00fablico m\u00e1s importante del pa\u00eds, la conferencia de prensa matutina que se realiza a diario, el mandatario \u201cataca permanentemente, con un discurso lleno de descalificativos\u201d, a profesionales de la informaci\u00f3n.<\/p>\n<p style=\"text-align: justify;\">En su informe ante la reuni\u00f3n de medio a\u00f1o, que se celebra esta semana en Miami, indicaron que \u201cel presidente hasta muestra en grandes pantallas portadas de diarios y corrige la l\u00ednea editorial, mientras aplaude a otros medios que apoyan sus dichos y acciones\u201d, a\u00f1adieron en el comunicado sobre la parte del informe dedicado a M\u00e9xico.<\/p>\n<p style=\"text-align: justify;\">En este sentido, concretaron que la tesis central de L\u00f3pez Obrador es que los medios son parte del \u201cneoliberalismo\u201d y que hace un periodismo \u201ccolonizante\u201d, por lo que para el presidente no existen cr\u00edticas \u201cde buena fe\u201d, sino opiniones con mala intenci\u00f3n enfocadas en manchar su nombre y el de su proyecto de gobierno, denunci\u00f3 la SIP.<\/p>\n<p style=\"text-align: justify;\">Record\u00f3 que la violencia sigue siendo la mayor amenaza contra la libertad de prensa en M\u00e9xico, luego que desde octubre pasado fueran asesinados cuatro periodistas: Arturo Alba Medina, Jes\u00fas Pi\u00f1uelas, Israel V\u00e1zquez y Jaime Casta\u00f1o, adem\u00e1s de la desaparici\u00f3n de Pablo Romero Ch\u00e1vez.<\/p>\n<p style=\"text-align: justify;\">En su discurso retom\u00f3 el informe \u201cDistorsi\u00f3n: el discurso contra la realidad\u201d, publicado en marzo pasado por la organizaci\u00f3n Art\u00edculo 19, en el que se puso en evidencia que \u201ca dos a\u00f1os del Gobierno del presidente L\u00f3pez Obrador persisten din\u00e1micas de estigmatizaci\u00f3n de la prensa, censura, violaci\u00f3n de los derechos humanos y el debilitamiento o abandono de las instituciones creadas para hacer contrapeso al poder\u201d.<\/p>\n<p style=\"text-align: justify;\">El reporte de Art\u00edculo 19, adem\u00e1s, contemplaba que en 2020 se mantuvo la desinformaci\u00f3n desde el Gobierno, adem\u00e1s de intentos de control y censura de internet, donde se registraron 692 ataques contra periodistas.<\/p>\n<p style=\"text-align: justify;\">El Departamento de Estado de Estados Unidos cit\u00f3 en su informe anual de derechos humanos a Art\u00edculo 19, que se refiere a Sanjuana Mart\u00ednez, directora de la agencia de noticias del Estado, Notimex, como la causante de querer acallar periodistas.<\/p>\n<p style=\"text-align: justify;\">Por su parte, L\u00f3pez Obrador consider\u00f3 que Estados Unidos no deber\u00eda opinar sobre la situaci\u00f3n de M\u00e9xico y acus\u00f3 a la organizaci\u00f3n de pertenecer a un movimiento conservador.<\/p>\n<p style=\"text-align: justify;\">Por \u00faltimo, en materia de publicidad oficial, \u201cprevalece la opacidad y falta de criterios transparentes para distribuir el gasto\u201d, denunci\u00f3 la SIP.<\/p>\n","protected":false},"excerpt":{"rendered":"<p>] CIUDAD DE M\u00c9XICO. * 21 de abril de 2021. | Latinus. La Sociedad Interamericana de Prensa (SIP) advirti\u00f3 de la preocupante escalada de ataques a medios y periodistas por parte del presidente de M\u00e9xico, Andr\u00e9s Manuel L\u00f3pez Obrador, en un ambiente polarizado de frente a las elecciones intermedias del 6 de junio y con&#8230;<\/p>\n","protected":false},"author":2,"featured_media":1225065,"comment_status":"closed","ping_status":"closed","sticky":false,"template":"","format":"standard","meta":{"footnotes":""},"categories":[1969],"tags":[3896,11928,16770],"class_list":["post-1225063","post","type-post","status-publish","format-standard","has-post-thumbnail","hentry","category-trending","tag-andres-manuel-lopez-obrador","tag-libertad-de-prensa","tag-sociedad-interamericana-de-prensa-sip"],"_links":{"self":[{"href":"https:\/\/www.acapulcopress.com\/index.php\/wp-json\/wp\/v2\/posts\/1225063","targetHints":{"allow":["GET"]}}],"collection":[{"href":"https:\/\/www.acapulcopress.com\/index.php\/wp-json\/wp\/v2\/posts"}],"about":[{"href":"https:\/\/www.acapulcopress.com\/index.php\/wp-json\/wp\/v2\/types\/post"}],"author":[{"embeddable":true,"href":"https:\/\/www.acapulcopress.com\/index.php\/wp-json\/wp\/v2\/users\/2"}],"replies":[{"embeddable":true,"href":"https:\/\/www.acapulcopress.com\/index.php\/wp-json\/wp\/v2\/comments?post=1225063"}],"version-history":[{"count":0,"href":"https:\/\/www.acapulcopress.com\/index.php\/wp-json\/wp\/v2\/posts\/1225063\/revisions"}],"wp:featuredmedia":[{"embeddable":true,"href":"https:\/\/www.acapulcopress.com\/index.php\/wp-json\/"}],"wp:attachment":[{"href":"https:\/\/www.acapulcopress.com\/index.php\/wp-json\/wp\/v2\/media?parent=1225063"}],"wp:term":[{"taxonomy":"category","embeddable":true,"href":"https:\/\/www.acapulcopress.com\/index.php\/wp-json\/wp\/v2\/categories?post=1225063"},{"taxonomy":"post_tag","embeddable":true,"href":"https:\/\/www.acapulcopress.com\/index.php\/wp-json\/wp\/v2\/tags?post=1225063"}],"curies":[{"name":"wp","href":"https:\/\/api.w.org\/{rel}","templated":true}]}}