{"id":1225071,"date":"2021-04-22T00:59:24","date_gmt":"2021-04-22T05:59:24","guid":{"rendered":"https:\/\/www.acapulcopress.com\/?p=1225071"},"modified":"2021-04-22T00:59:24","modified_gmt":"2021-04-22T05:59:24","slug":"angel-irra-arranca-campana-alejandro-arcos-por-chilpancingo","status":"publish","type":"post","link":"https:\/\/www.acapulcopress.com\/index.php\/2021\/04\/22\/angel-irra-arranca-campana-alejandro-arcos-por-chilpancingo\/","title":{"rendered":"\u00c1ngel Irra | Arranca campa\u00f1a Alejandro Arcos por Chilpancingo"},"content":{"rendered":"<p style=\"text-align: justify;\">Un Rapid\u00edn<br \/>\n] <strong>Con \u00c1ngel Irra Carceda<\/strong><br \/>\n<em>\u00bb angelirracar@hotmail.com.<\/em><\/p>\n<p style=\"text-align: justify;\">Este s\u00e1bado 24 de abril inician campa\u00f1a los candidatos a alcaldes en Guerrero.<\/p>\n<p style=\"text-align: justify;\">En Chilpancingo, arranca Alejandro Arcos Catal\u00e1n. Lo har\u00e1 a las 11:00 horas.<\/p>\n<p style=\"text-align: justify;\">Ya lo saben, es candidato de la alianza PRI-PRD a la Alcald\u00eda de Chilpancingo.<\/p>\n<p style=\"text-align: justify;\">Iniciar\u00e1 con un recorrido por las colonias Tepolcingo, Villa Independencia, Ampliaci\u00f3n Independencia, Pradera y 24 de Febrero.<\/p>\n<p style=\"text-align: justify;\">Terminar\u00e1 con un evento en la cancha techada de la popular colonia del PRI.<\/p>\n<p style=\"text-align: justify;\">Y claro que est\u00e1 confirmado el acompa\u00f1amiento de Mario Moreno Arcos, candidato de la alianza PRI-PRD a la gubernatura.<\/p>\n<p style=\"text-align: justify;\">La cosa se pondr\u00e1 buena. Con estos arranques se reforzar\u00e1n las campa\u00f1as de los candidatos a la gubernatura.<\/p>\n<p style=\"text-align: justify;\">Y, a prop\u00f3sito. En colonias y pueblos de Chilpancingo, Alejandro Arcos cuenta con un buen bonche de obras de beneficio colectivo gestionadas, con o sin cargo de elecci\u00f3n popular o en la administraci\u00f3n p\u00fablica.<\/p>\n<p style=\"text-align: justify;\">Cito esto, porque ser\u00eda oportuno, y necesario, que la candidata de Morena, que es diputada local, informe cu\u00e1ntas obras o acciones ha realizado en beneficio de los chilpancingue\u00f1os.<\/p>\n<p style=\"text-align: justify;\">Me informan que s\u00ed cuenta con obras, pero que -ojo- son m\u00e1s de tipo particular, que p\u00fablicas. Que no le ha ido mal como legisladora, pues.<\/p>\n","protected":false},"excerpt":{"rendered":"<p>Un Rapid\u00edn ] Con \u00c1ngel Irra Carceda \u00bb angelirracar@hotmail.com. Este s\u00e1bado 24 de abril inician campa\u00f1a los candidatos a alcaldes en Guerrero. En Chilpancingo, arranca Alejandro Arcos Catal\u00e1n. Lo har\u00e1 a las 11:00 horas. Ya lo saben, es candidato de la alianza PRI-PRD a la Alcald\u00eda de Chilpancingo. Iniciar\u00e1 con un recorrido por las colonias&#8230;<\/p>\n","protected":false},"author":2,"featured_media":1225064,"comment_status":"closed","ping_status":"closed","sticky":false,"template":"","format":"standard","meta":{"footnotes":""},"categories":[2071,1991],"tags":[3519,3938,17511],"class_list":["post-1225071","post","type-post","status-publish","format-standard","has-post-thumbnail","hentry","category-opinion-analisis-columnas","category-libertad-de-expresion","tag-alejandro-arcos","tag-angel-irra-carceda","tag-un-rapidin"],"_links":{"self":[{"href":"https:\/\/www.acapulcopress.com\/index.php\/wp-json\/wp\/v2\/posts\/1225071","targetHints":{"allow":["GET"]}}],"collection":[{"href":"https:\/\/www.acapulcopress.com\/index.php\/wp-json\/wp\/v2\/posts"}],"about":[{"href":"https:\/\/www.acapulcopress.com\/index.php\/wp-json\/wp\/v2\/types\/post"}],"author":[{"embeddable":true,"href":"https:\/\/www.acapulcopress.com\/index.php\/wp-json\/wp\/v2\/users\/2"}],"replies":[{"embeddable":true,"href":"https:\/\/www.acapulcopress.com\/index.php\/wp-json\/wp\/v2\/comments?post=1225071"}],"version-history":[{"count":0,"href":"https:\/\/www.acapulcopress.com\/index.php\/wp-json\/wp\/v2\/posts\/1225071\/revisions"}],"wp:featuredmedia":[{"embeddable":true,"href":"https:\/\/www.acapulcopress.com\/index.php\/wp-json\/"}],"wp:attachment":[{"href":"https:\/\/www.acapulcopress.com\/index.php\/wp-json\/wp\/v2\/media?parent=1225071"}],"wp:term":[{"taxonomy":"category","embeddable":true,"href":"https:\/\/www.acapulcopress.com\/index.php\/wp-json\/wp\/v2\/categories?post=1225071"},{"taxonomy":"post_tag","embeddable":true,"href":"https:\/\/www.acapulcopress.com\/index.php\/wp-json\/wp\/v2\/tags?post=1225071"}],"curies":[{"name":"wp","href":"https:\/\/api.w.org\/{rel}","templated":true}]}}