{"id":1225079,"date":"2021-04-23T11:15:03","date_gmt":"2021-04-23T16:15:03","guid":{"rendered":"https:\/\/www.acapulcopress.com\/?p=1225079"},"modified":"2021-04-23T11:15:03","modified_gmt":"2021-04-23T16:15:03","slug":"tribunal-electoral-pospone-para-el-lunes-sesion-para-decidir-caso-de-felix-salgado","status":"publish","type":"post","link":"https:\/\/www.acapulcopress.com\/index.php\/2021\/04\/23\/tribunal-electoral-pospone-para-el-lunes-sesion-para-decidir-caso-de-felix-salgado\/","title":{"rendered":"Tribunal Electoral pospone para el lunes sesi\u00f3n para decidir caso de F\u00e9lix Salgado"},"content":{"rendered":"<p style=\"text-align: justify;\">] CIUDAD DE M\u00c9XICO. * 22 de abril de 2021.<br \/>\n<em>| <a href=\"https:\/\/www.proceso.com.mx\/nacional\/politica\/2021\/4\/22\/el-tribunal-electoral-pospone-al-lunes-la-sesion-para-decidir-los-casos-salgado-moron-262516.html\" target=\"_blank\" rel=\"noopener\">Apro<\/a>.<\/em><\/p>\n<p style=\"text-align: justify;\">Los magistrados del Tribunal Electoral del Poder Judicial de la Federaci\u00f3n postergaron hasta el lunes la sesi\u00f3n que estaba programada para este jueves en la que resolver\u00edan los casos de las candidaturas de F\u00e9lix Salgado Macedonio en Guerrero y Ra\u00fal Mor\u00f3n Orozco en Michoac\u00e1n, as\u00ed como la sobrerrepresentaci\u00f3n en la C\u00e1mara de Diputados que impugn\u00f3 Morena al acuerdo del INE.<\/p>\n<p style=\"text-align: justify;\">Ayer circul\u00f3 un proyecto presuntamente elaborado por el magistrado Indalfer Infante en el cual plantea ratificar la sanci\u00f3n impuesta por el INE de retirar la candidatura al senador con licencia F\u00e9lix Salgado Macedonio.<\/p>\n<p style=\"text-align: justify;\">A diferencia de la magistrada M\u00f3nica Soto, que circul\u00f3 digitalmente su ponencia en la cual se regresa la candidatura al michoacano Ra\u00fal Mor\u00f3n, el magistrado Infante lo hizo personalmente a sus pares de manera impresa.<\/p>\n<p style=\"text-align: justify;\">Sin embargo, el mi\u00e9rcoles en la noche se filtr\u00f3 a algunos medios el proyecto original del magistrado Infante, el cual habr\u00eda de cancelar de forma definitiva las aspiraciones de Salgado Macedonio.<\/p>\n<p style=\"text-align: justify;\">En este escenario es que el TEPJF aplaz\u00f3 para el lunes la sesi\u00f3n p\u00fablica para dirimir las dos impugnaciones de F\u00e9lix Salgado y Ra\u00fal Mor\u00f3n a los acuerdos del INE y tambi\u00e9n la impugnaci\u00f3n que hizo Morena al acuerdo del instituto electoral encaminado a evitar la sobrerrepresentaci\u00f3n en la asignaci\u00f3n de diputaciones.<\/p>\n","protected":false},"excerpt":{"rendered":"<p>] CIUDAD DE M\u00c9XICO. * 22 de abril de 2021. | Apro. Los magistrados del Tribunal Electoral del Poder Judicial de la Federaci\u00f3n postergaron hasta el lunes la sesi\u00f3n que estaba programada para este jueves en la que resolver\u00edan los casos de las candidaturas de F\u00e9lix Salgado Macedonio en Guerrero y Ra\u00fal Mor\u00f3n Orozco en&#8230;<\/p>\n","protected":false},"author":2,"featured_media":1225080,"comment_status":"closed","ping_status":"closed","sticky":false,"template":"","format":"standard","meta":{"footnotes":""},"categories":[1969],"tags":[8467,15309,17393],"class_list":["post-1225079","post","type-post","status-publish","format-standard","has-post-thumbnail","hentry","category-trending","tag-felix-salgado-macedonio","tag-raul-moron-orozco","tag-tribunal-electoral-del-poder-judicial-de-la-federacion-tfpjf"],"_links":{"self":[{"href":"https:\/\/www.acapulcopress.com\/index.php\/wp-json\/wp\/v2\/posts\/1225079","targetHints":{"allow":["GET"]}}],"collection":[{"href":"https:\/\/www.acapulcopress.com\/index.php\/wp-json\/wp\/v2\/posts"}],"about":[{"href":"https:\/\/www.acapulcopress.com\/index.php\/wp-json\/wp\/v2\/types\/post"}],"author":[{"embeddable":true,"href":"https:\/\/www.acapulcopress.com\/index.php\/wp-json\/wp\/v2\/users\/2"}],"replies":[{"embeddable":true,"href":"https:\/\/www.acapulcopress.com\/index.php\/wp-json\/wp\/v2\/comments?post=1225079"}],"version-history":[{"count":0,"href":"https:\/\/www.acapulcopress.com\/index.php\/wp-json\/wp\/v2\/posts\/1225079\/revisions"}],"wp:featuredmedia":[{"embeddable":true,"href":"https:\/\/www.acapulcopress.com\/index.php\/wp-json\/"}],"wp:attachment":[{"href":"https:\/\/www.acapulcopress.com\/index.php\/wp-json\/wp\/v2\/media?parent=1225079"}],"wp:term":[{"taxonomy":"category","embeddable":true,"href":"https:\/\/www.acapulcopress.com\/index.php\/wp-json\/wp\/v2\/categories?post=1225079"},{"taxonomy":"post_tag","embeddable":true,"href":"https:\/\/www.acapulcopress.com\/index.php\/wp-json\/wp\/v2\/tags?post=1225079"}],"curies":[{"name":"wp","href":"https:\/\/api.w.org\/{rel}","templated":true}]}}