{"id":1225087,"date":"2021-04-22T11:27:02","date_gmt":"2021-04-22T16:27:02","guid":{"rendered":"https:\/\/www.acapulcopress.com\/?p=1225087"},"modified":"2021-04-22T11:27:02","modified_gmt":"2021-04-22T16:27:02","slug":"exige-marijose-sotelo-politicas-de-territorio-no-solo-de-escritos","status":"publish","type":"post","link":"https:\/\/www.acapulcopress.com\/index.php\/2021\/04\/22\/exige-marijose-sotelo-politicas-de-territorio-no-solo-de-escritos\/","title":{"rendered":"Exige Marijose Sotelo pol\u00edticas de territorio, no solo de escritos"},"content":{"rendered":"<p style=\"text-align: justify;\">] ACAPULCO. * 22 de abril de 2021.<br \/>\n<em>| Comunicado.<\/em><\/p>\n<p style=\"text-align: justify;\">En del marco del <em>D\u00eda Mundial de la Tierra,<\/em> la candidata a diputada local por el Distrito 8 del partido <em>Fuerza por <img loading=\"lazy\" decoding=\"async\" class=\"alignleft size-medium wp-image-1225090\" src=\"https:\/\/www.acapulco.press\/wp-content\/uploads\/2021\/04\/MARIJOSE-PLAYA3-375x281.jpg\" alt=\"\" width=\"375\" height=\"281\" \/>M\u00e9xico,<\/em> Marijose Sotelo, recorri\u00f3 las playas de Pie de la Cuesta donde comenz\u00f3 con una brigada de limpieza en los principales accesos a playas, para concientizar sobre la importancia del cuidado ambiental<\/p>\n<p style=\"text-align: justify;\">\u00abMe da mucha tristeza saber c\u00f3mo tenemos el medio ambiente, porque nosotros somos los responsables de que se est\u00e9n extinguiendo las especies y que se est\u00e9 acabando nuestro planeta Tierra, este es el \u00faltimo momento de hacer algo por ella porque m\u00e1s tarde ya no se podr\u00e1\u00bb, coment\u00f3 la candidata Marijose Sotelo.<\/p>\n<p style=\"text-align: justify;\">Durante la brigada de limpieza los locatarios del lugar aseguraron que la falta de contenedores de basura y la poca cultura c\u00edvica hacen que la franja de arena se vea afectada por todos los residuos dejados.<\/p>\n<p style=\"text-align: justify;\"><img loading=\"lazy\" decoding=\"async\" class=\"alignleft size-medium wp-image-1225090\" src=\"https:\/\/www.acapulco.press\/wp-content\/uploads\/2021\/04\/MARIJOSE-PLAYA3-375x281.jpg\" alt=\"\" width=\"375\" height=\"281\" \/>\u00abLa reactivaci\u00f3n econ\u00f3mica junto con el cuidado del medio ambiente van de la mano, por eso estamos aqu\u00ed empezando con las propuestas que traigo, porque para que haya un cambio no pueden seguir existiendo los pol\u00edticos de escritorio, necesitamos que sean de territorio\u00bb enfatiz\u00f3 Sotelo.<\/p>\n<p style=\"text-align: justify;\">Por tal motivo, Marijose Sotelo asegur\u00f3 que las brigadas seguir\u00e1n a la orden del d\u00eda por lo que invita a la poblaci\u00f3n a qu\u00e9 se sumen a la ola rosa porque es la fuerza que necesita el medio ambiente.<\/p>\n","protected":false},"excerpt":{"rendered":"<p>] ACAPULCO. * 22 de abril de 2021. | Comunicado. En del marco del D\u00eda Mundial de la Tierra, la candidata a diputada local por el Distrito 8 del partido Fuerza por M\u00e9xico, Marijose Sotelo, recorri\u00f3 las playas de Pie de la Cuesta donde comenz\u00f3 con una brigada de limpieza en los principales accesos a&#8230;<\/p>\n","protected":false},"author":2,"featured_media":1225089,"comment_status":"closed","ping_status":"closed","sticky":false,"template":"","format":"standard","meta":{"footnotes":""},"categories":[2052,18561],"tags":[7237,8985,12648],"class_list":["post-1225087","post","type-post","status-publish","format-standard","has-post-thumbnail","hentry","category-elecciones","category-society-politics","tag-dia-mundial-de-la-tierra","tag-fuerza-por-mexico","tag-marijose-sotelo-ocampo"],"_links":{"self":[{"href":"https:\/\/www.acapulcopress.com\/index.php\/wp-json\/wp\/v2\/posts\/1225087","targetHints":{"allow":["GET"]}}],"collection":[{"href":"https:\/\/www.acapulcopress.com\/index.php\/wp-json\/wp\/v2\/posts"}],"about":[{"href":"https:\/\/www.acapulcopress.com\/index.php\/wp-json\/wp\/v2\/types\/post"}],"author":[{"embeddable":true,"href":"https:\/\/www.acapulcopress.com\/index.php\/wp-json\/wp\/v2\/users\/2"}],"replies":[{"embeddable":true,"href":"https:\/\/www.acapulcopress.com\/index.php\/wp-json\/wp\/v2\/comments?post=1225087"}],"version-history":[{"count":0,"href":"https:\/\/www.acapulcopress.com\/index.php\/wp-json\/wp\/v2\/posts\/1225087\/revisions"}],"wp:featuredmedia":[{"embeddable":true,"href":"https:\/\/www.acapulcopress.com\/index.php\/wp-json\/"}],"wp:attachment":[{"href":"https:\/\/www.acapulcopress.com\/index.php\/wp-json\/wp\/v2\/media?parent=1225087"}],"wp:term":[{"taxonomy":"category","embeddable":true,"href":"https:\/\/www.acapulcopress.com\/index.php\/wp-json\/wp\/v2\/categories?post=1225087"},{"taxonomy":"post_tag","embeddable":true,"href":"https:\/\/www.acapulcopress.com\/index.php\/wp-json\/wp\/v2\/tags?post=1225087"}],"curies":[{"name":"wp","href":"https:\/\/api.w.org\/{rel}","templated":true}]}}