{"id":1225109,"date":"2021-04-23T20:17:23","date_gmt":"2021-04-24T01:17:23","guid":{"rendered":"https:\/\/www.acapulcopress.com\/?p=1225109"},"modified":"2021-04-23T20:17:23","modified_gmt":"2021-04-24T01:17:23","slug":"investiga-fge-agresion-donde-perdio-la-vida-un-agente-de-la-policia-auxiliar","status":"publish","type":"post","link":"https:\/\/www.acapulcopress.com\/index.php\/2021\/04\/23\/investiga-fge-agresion-donde-perdio-la-vida-un-agente-de-la-policia-auxiliar\/","title":{"rendered":"Investiga FGE agresi\u00f3n donde perdi\u00f3 la vida un agente de la Polic\u00eda Auxiliar"},"content":{"rendered":"<p style=\"text-align: justify;\">] ACAPULCO. * 23 de abril de 2021.<br \/>\n<em>| <a href=\"https:\/\/fiscaliaguerrero.gob.mx\" target=\"_blank\" rel=\"noopener\">https:\/\/fiscaliaguerrero.gob.mx<\/a>.<\/em><\/p>\n<p style=\"text-align: justify;\">COMUNICADO DE PRENSA<\/p>\n<p style=\"text-align: justify;\">La Fiscal\u00eda General del Estado informa que luego de que agentes de la Polic\u00eda Municipal repelieran una agresi\u00f3n con disparos de arma de fuego, result\u00f3 privado de la vida el agresor Manuel \u201cN\u201d, mismo que se desempe\u00f1aba como elemento de la OPD denominada Polic\u00eda Auxiliar, quien accion\u00f3 su arma contra la integridad de una f\u00e9mina y su acompa\u00f1ante quienes viajaban a bordo de un veh\u00edculo compacto la tarde de este viernes sobre Boulevard de las Naciones del puerto de Acapulco.<\/p>\n<p style=\"text-align: justify;\">El hecho delictivo que est\u00e1 siendo investigado provoc\u00f3 la movilizaci\u00f3n de los cuerpos polic\u00edacos, quienes al tratar de intervenir para detener al agresor, fueron atacados por el mismo, provocando que los elementos repelieran dicha agresi\u00f3n, perdiendo la vida en el lugar el elemento de la OPD denominada Polic\u00eda Auxiliar.<\/p>\n<p style=\"text-align: justify;\">En el lugar de los hechos se realizaron los trabajos de criminal\u00edstica de campo por parte de peritos de la FGE, llevando a cabo las diligencias correspondientes.<\/p>\n","protected":false},"excerpt":{"rendered":"<p>] ACAPULCO. * 23 de abril de 2021. | https:\/\/fiscaliaguerrero.gob.mx. COMUNICADO DE PRENSA La Fiscal\u00eda General del Estado informa que luego de que agentes de la Polic\u00eda Municipal repelieran una agresi\u00f3n con disparos de arma de fuego, result\u00f3 privado de la vida el agresor Manuel \u201cN\u201d, mismo que se desempe\u00f1aba como elemento de la OPD&#8230;<\/p>\n","protected":false},"author":2,"featured_media":1178550,"comment_status":"closed","ping_status":"closed","sticky":false,"template":"","format":"standard","meta":{"footnotes":""},"categories":[2019],"tags":[8682,10946,14737],"class_list":["post-1225109","post","type-post","status-publish","format-standard","has-post-thumbnail","hentry","category-popular-news","tag-fiscalia-general-de-guerrero-fge","tag-jorge-zuriel-de-los-santos-barrila","tag-policia-ministerial-de-guerrero"],"_links":{"self":[{"href":"https:\/\/www.acapulcopress.com\/index.php\/wp-json\/wp\/v2\/posts\/1225109","targetHints":{"allow":["GET"]}}],"collection":[{"href":"https:\/\/www.acapulcopress.com\/index.php\/wp-json\/wp\/v2\/posts"}],"about":[{"href":"https:\/\/www.acapulcopress.com\/index.php\/wp-json\/wp\/v2\/types\/post"}],"author":[{"embeddable":true,"href":"https:\/\/www.acapulcopress.com\/index.php\/wp-json\/wp\/v2\/users\/2"}],"replies":[{"embeddable":true,"href":"https:\/\/www.acapulcopress.com\/index.php\/wp-json\/wp\/v2\/comments?post=1225109"}],"version-history":[{"count":0,"href":"https:\/\/www.acapulcopress.com\/index.php\/wp-json\/wp\/v2\/posts\/1225109\/revisions"}],"wp:featuredmedia":[{"embeddable":true,"href":"https:\/\/www.acapulcopress.com\/index.php\/wp-json\/"}],"wp:attachment":[{"href":"https:\/\/www.acapulcopress.com\/index.php\/wp-json\/wp\/v2\/media?parent=1225109"}],"wp:term":[{"taxonomy":"category","embeddable":true,"href":"https:\/\/www.acapulcopress.com\/index.php\/wp-json\/wp\/v2\/categories?post=1225109"},{"taxonomy":"post_tag","embeddable":true,"href":"https:\/\/www.acapulcopress.com\/index.php\/wp-json\/wp\/v2\/tags?post=1225109"}],"curies":[{"name":"wp","href":"https:\/\/api.w.org\/{rel}","templated":true}]}}