{"id":1225115,"date":"2021-04-23T10:33:09","date_gmt":"2021-04-23T15:33:09","guid":{"rendered":"https:\/\/www.acapulcopress.com\/?p=1225115"},"modified":"2021-04-23T10:33:09","modified_gmt":"2021-04-23T15:33:09","slug":"fiscalia-guerrero-vincula-a-proceso-a-secuestrador-de-chilpancingo","status":"publish","type":"post","link":"https:\/\/www.acapulcopress.com\/index.php\/2021\/04\/23\/fiscalia-guerrero-vincula-a-proceso-a-secuestrador-de-chilpancingo\/","title":{"rendered":"Fiscal\u00eda Guerrero vincula a proceso a secuestrador de Chilpancingo"},"content":{"rendered":"<p style=\"text-align: justify;\">] CHILPANCINGO. * 23 de abril de 2021.<br \/>\n<em>| <a href=\"https:\/\/fiscaliaguerrero.gob.mx\" target=\"_blank\" rel=\"noopener\">https:\/\/fiscaliaguerrero.gob.mx<\/a>.<\/em><\/p>\n<p style=\"text-align: justify;\">El Ministerio P\u00fablico adscrito en Chilpancingo logr\u00f3 vinculaci\u00f3n a proceso en contra de Luis Felipe \u00abN\u00bb, como probable responsable del delito de Secuestro Agravado, hechos en la carpeta judicial C-112\/2021.<\/p>\n<p style=\"text-align: justify;\">El imputado es acusado de privar de la libertad a la v\u00edctima en compa\u00f1\u00eda de un c\u00f3mplice el d\u00eda 24 de mayo de 2020, cuando llegaba a su domicilio en un veh\u00edculo de su propiedad, siendo interceptado y trasladado a una casa de seguridad, para exigir a familiares el pago de un rescate.<\/p>\n<p style=\"text-align: justify;\">Mediante trabajo de campo e inteligencia se ubic\u00f3 el lugar y Polic\u00edas Ministeriales de Antisecuestro lograron la detenci\u00f3n de probables responsables y el rescate de la v\u00edctima.<\/p>\n<p style=\"text-align: justify;\">En audiencia inicial el Juez de Control vincul\u00f3 a proceso a Luis Felipe \u00abN\u00bb como probable responsable del delito de Secuestro Agravado, otorgando un plazo de tres meses como investigaci\u00f3n complementaria, quedando interno en el Centro de Reinserci\u00f3n Social de Chilpancingo bajo la medida cautelar de prisi\u00f3n preventiva oficiosa.<\/p>\n","protected":false},"excerpt":{"rendered":"<p>] CHILPANCINGO. * 23 de abril de 2021. | https:\/\/fiscaliaguerrero.gob.mx. El Ministerio P\u00fablico adscrito en Chilpancingo logr\u00f3 vinculaci\u00f3n a proceso en contra de Luis Felipe \u00abN\u00bb, como probable responsable del delito de Secuestro Agravado, hechos en la carpeta judicial C-112\/2021. El imputado es acusado de privar de la libertad a la v\u00edctima en compa\u00f1\u00eda de&#8230;<\/p>\n","protected":false},"author":2,"featured_media":1225116,"comment_status":"closed","ping_status":"closed","sticky":false,"template":"","format":"standard","meta":{"footnotes":""},"categories":[18561,2005],"tags":[8682,10946,14737],"class_list":["post-1225115","post","type-post","status-publish","format-standard","has-post-thumbnail","hentry","category-society-politics","category-seguridad-y-justicia","tag-fiscalia-general-de-guerrero-fge","tag-jorge-zuriel-de-los-santos-barrila","tag-policia-ministerial-de-guerrero"],"_links":{"self":[{"href":"https:\/\/www.acapulcopress.com\/index.php\/wp-json\/wp\/v2\/posts\/1225115","targetHints":{"allow":["GET"]}}],"collection":[{"href":"https:\/\/www.acapulcopress.com\/index.php\/wp-json\/wp\/v2\/posts"}],"about":[{"href":"https:\/\/www.acapulcopress.com\/index.php\/wp-json\/wp\/v2\/types\/post"}],"author":[{"embeddable":true,"href":"https:\/\/www.acapulcopress.com\/index.php\/wp-json\/wp\/v2\/users\/2"}],"replies":[{"embeddable":true,"href":"https:\/\/www.acapulcopress.com\/index.php\/wp-json\/wp\/v2\/comments?post=1225115"}],"version-history":[{"count":0,"href":"https:\/\/www.acapulcopress.com\/index.php\/wp-json\/wp\/v2\/posts\/1225115\/revisions"}],"wp:featuredmedia":[{"embeddable":true,"href":"https:\/\/www.acapulcopress.com\/index.php\/wp-json\/"}],"wp:attachment":[{"href":"https:\/\/www.acapulcopress.com\/index.php\/wp-json\/wp\/v2\/media?parent=1225115"}],"wp:term":[{"taxonomy":"category","embeddable":true,"href":"https:\/\/www.acapulcopress.com\/index.php\/wp-json\/wp\/v2\/categories?post=1225115"},{"taxonomy":"post_tag","embeddable":true,"href":"https:\/\/www.acapulcopress.com\/index.php\/wp-json\/wp\/v2\/tags?post=1225115"}],"curies":[{"name":"wp","href":"https:\/\/api.w.org\/{rel}","templated":true}]}}