{"id":1225144,"date":"2021-04-23T21:38:45","date_gmt":"2021-04-24T02:38:45","guid":{"rendered":"https:\/\/www.acapulcopress.com\/?p=1225144"},"modified":"2021-04-23T21:38:45","modified_gmt":"2021-04-24T02:38:45","slug":"propaganda-politica-y-mensajes-sin-alma-de-alternativa","status":"publish","type":"post","link":"https:\/\/www.acapulcopress.com\/index.php\/2021\/04\/23\/propaganda-politica-y-mensajes-sin-alma-de-alternativa\/","title":{"rendered":"Propaganda pol\u00edtica y mensajes sin alma de alternativa"},"content":{"rendered":"<p style=\"text-align: justify;\">] <strong>Emiliano Mateo Carrillo Carrasco<\/strong>.<\/p>\n<p style=\"text-align: justify;\">Todo acto de gobierno o el partido en el gobierno tendr\u00e1 sus efectos a la poblaci\u00f3n, la causa y efecto ser\u00e1 una situaci\u00f3n de la poblaci\u00f3n de elegir sus diputados, presidentes municipales, gobernadores suscritos en cada regi\u00f3n, territorio de nuestro pa\u00eds. Gobiernos solidarios con rostro humano es lo que falta y abatir ese c\u00e1ncer de corrupci\u00f3n e impunidad en el 2021.<\/p>\n<p style=\"text-align: justify;\">\u201cNo existe bestia en el mundo m\u00e1s peligrosa que un ignorante en el poder\u201c .<br \/>\n<strong>&#8212; Ronald Reagan.<\/strong><\/p>\n<p style=\"text-align: justify;\">Los candidatos de diez partidos nacionales en juego su representaci\u00f3n y su supervivencia en obtener el 3 % de la votaci\u00f3n , dos coaliciones a nivel federal (PRI,PRD,PAN con f\u00f3rmulas territoriales , PT ,PVEM y Morena por el mismo esquema) y 356 fuerzas pol\u00edticas con registro local fortalecen al paso de los d\u00edas sus campa\u00f1as proselitistas en busca de ganarlos m\u00e1s de 21 mil cargos que estar\u00e1n en juego el 6 de junio. EL 2021 es una elecci\u00f3n de vital importancia tanto para el presidente de la Rep\u00fablica y su partido como para la oposici\u00f3n. Para el r\u00e9gimen porque le representa la posibilidad de mantener el control de la C\u00e1mara de Diputados y arrebatar gubernaturas a sus adversarios (Morena-PES solo tienen siete de 32) y con ambas acciones \u201cconsolidar la Cuarta Transformaci\u00f3n\u201d. La participaci\u00f3n ciudadana es una variable central que afectar\u00e1 qui\u00e9n gana y qui\u00e9n pierde: entre m\u00e1s alta, mayor la probabilidad de que haya voto de castigo al gobierno o se abstenga a la falta de alternativas de perfiles de honestidad.<\/p>\n<p style=\"text-align: justify;\">Hay dos fuerzas que operan en sentido contrario. Por una parte, las elecciones intermedias suscitan bajo inter\u00e9s, por lo que la participaci\u00f3n ha rondado 44.6% en las \u00faltimas tres (2003, 2009 y 2015).La pandemia podr\u00eda deprimir el voto si persiste temor en los riesgos de salir a votar. La elecci\u00f3n de 15 gobernadores y de alcaldes en 30 entidades, aunada al clima de polarizaci\u00f3n que existe, podr\u00eda estimular mayor participaci\u00f3n que en elecciones previas, por ejemplo en puebla a la gubernatura de una elecci\u00f3n que represento el 70% de abstencionismo, as\u00ed como el estado de hidalgo la votaci\u00f3n beneficio a la oposici\u00f3n y el Aureola de luz para el PRD, y un Pan, cautivo de poderes, pierden la capital. Todo est\u00e1 inmerso al estado de \u00e1nimo de la poblaci\u00f3n y las reacciones de la pandemia del Covid-19. Podr\u00e1 haber encuestas positiva negativas ,pero la \u00fanica encuesta valida es este 6 de junio con su voto al menos malo o el abstencionismo que producir\u00e1 ilegitimidad de poder , es lo menor ,que los pueblos continuaran con una realidad social y de supervivencia, Y para la oposici\u00f3n porque representa la oportunidad de recuperarse de la evidente derrota de 2018, adem\u00e1s de que busca arrebatar el control de la C\u00e1mara de Diputados al r\u00e9gimen a fin de \u201cconvertirse en un contrapeso del Poder Ejecutivo federal. Son los comicios magnos en la historia del pa\u00eds para renovar cargos de elecci\u00f3n en los tres \u00f3rdenes de gobierno, entre los que destacan: 300 diputaciones federales y 200 de representaci\u00f3n proporcional, sin altera la regla del 8 % de la sobre representaci\u00f3n en reglas aritm\u00e9ticas establecidas, 15 gubernaturas, 30 Congresos locales.<\/p>\n<p style=\"text-align: justify;\">Todo depender\u00e1 del estado de animo de la poblaci\u00f3n y la incertidumbre de los partidos a la falta de discurso positivo, la poblaci\u00f3n necesita acciones de soluci\u00f3n, y no qu\u00edtate porque yo voy, su l\u00f3gica de poder de elites de partidos a da\u00f1ado nuestra democracia imperfecta, pero es hoy la forma de acceder al poder p\u00fablico a trav\u00e9s de la pol\u00edtica de un sistema de partidos. La hostilidad se resume en lograr una nueva mayor\u00eda. De arranque les vamos a quitar la mayor\u00eda calificada que tienen en la C\u00e1mara de Diputados. La obligaci\u00f3n de los ciudadanos de votar de cada 3 o 6 a\u00f1os ; el problema de identidad es la falta de cultura pol\u00edtica en delegar nuestro destino a un circulo de poder ,as\u00ed como la falta de educaci\u00f3n, el sistema de temor con la ignorancia es a causa de los males de los mexicanos .<\/p>\n<p style=\"text-align: justify;\">La Constituci\u00f3n en su art\u00edculo 41, apartado C, que \u201cen la propaganda pol\u00edtica o electoral que difundan, los partidos deber\u00e1n abstenerse de expresiones que denigren a las instituciones y a los propios partidos, o que calumnien a las personas\u201d. Los criterios sostenidos en sentencias de la Sala Superior, el TEPJF se\u00f1ala en el apartado IV, Prohibici\u00f3n de propaganda negativa, que en el contexto de una opini\u00f3n, informaci\u00f3n o debate debe prevalecer el respeto a los derechos de terceros. La finalidad de que los partidos pol\u00edticos al difundir propaganda act\u00faen con respeto a la reputaci\u00f3n y vida privada de los candidatos, as\u00ed como a la imagen de las instituciones y de los otros partidos pol\u00edticos, reconocidos como derechos fundamentales por el orden comunitario. Tambi\u00e9n establece que la propaganda pol\u00edtica y electoral no debe contener expresiones que impliquen ofensa, calumnia, infamia, injuria, difamaci\u00f3n o que denigren a los ciudadanos, a las instituciones p\u00fablicas, a los partidos pol\u00edticos o a sus candidatos. La propaganda pol\u00edtica y electoral no debe contener expresiones que impliquen diatriba, calumnia, infamia, injuria, difamaci\u00f3n o que denigren a los ciudadanos, a las instituciones p\u00fablicas, a los partidos pol\u00edticos o a sus candidatos. Los partidos de la coalici\u00f3n Va por M\u00e9xico se\u00f1alan que decidieron unirse para recuperar los equilibrios y contrapesos, ganar la mayor\u00eda en la C\u00e1mara de Diputados y corregir el rumbo del pa\u00eds. M\u00e9xico se conecte de manera provechosa con el mundo globalizado, ese mundo que desde la d\u00e9cadas del neoliberalismo que abri\u00f3 el mercado interno al capitalismo desmembrando las para estatales con el argumento de que la burocracia era muy corrupta y tendr\u00eda que el estado mexicano privatizar por ejemplo TELMEX, ahora es la empresa monop\u00f3lica de la comunicaci\u00f3n, as\u00ed las televisoras Tv Azteca .<\/p>\n<p style=\"text-align: justify;\">El problema de las acciones cupulares de designaciones del mismo circulo de poder de elites que por d\u00e9cadas han detentado el poder y su reciclamiento de acciones antidemocr\u00e1ticas y de intereses de cada regi\u00f3n del pa\u00eds ,as\u00ed como ,los vicios de grandes capitales e intereses de una clase empoderada con objetivos de ser contrapeso en el congreso federal . El presidente Nacional del PAN, Marko Cort\u00e9s, expresa \u201c2021 es la oportunidad para cambiar el rumbo de M\u00e9xico, para evitar caer al precipicio y el hundimiento definitivo del pa\u00eds, para detener la destrucci\u00f3n, para evitar regresar a las malas pr\u00e1cticas del pasado, pero tambi\u00e9n evitar seguir en este proceso destructivo de nuestro pa\u00eds\u201d. Su l\u00f3gica del panista el gobierno federal no tiene capacidad para resolver los problemas del pa\u00eds. Los candidatos comenzaron sus campa\u00f1as el domingo 4 de abril. buscan convencer a los electores con propuestas y promesas, pero tambi\u00e9n con acusaciones en contra de sus respectivos adversarios. Unos a otros se acusan de utilizar recursos p\u00fablicos para conseguir votos. Los partidos pol\u00edticos contrarios al partido en el gobierno solo han pensado en su opini\u00f3n que es mejor para el pa\u00eds ,pero nunca han preguntado a la ciudadan\u00eda que necesita, las alternativas de soluci\u00f3n siempre son centralistas del poder mismo ,el \u00a1c\u00f3mo! Abatir esos rezagos que por m\u00e1s de 30 a\u00f1os\u201d con sus perfiles reciclados, de familias o de acuerdos por intereses, por eso la desconfianza de una poblaci\u00f3n sin alternativas de esperanza y mucho menos de visi\u00f3n de soluciones en materias de econom\u00eda, educaci\u00f3n, trabajo y desarrollo \u201cNo se han podido solucionar, pobreza, desigualdad social, la perdida de la calidad de vida, de bienestar en programas tras sexenales. Hoy es grave problema de nuestro gobierno Estado est\u00e1 inmerso a la llamada globalizaci\u00f3n comercial.<br \/>\nEl pacto del periodo de Felipe Calder\u00f3n saliente en bajar la edad laboral a los 15 a\u00f1os, la reforma laboral con esperanza de un mejor ingreso, esto fue acordado con el entrante gobierno del Mexiquense Pe\u00f1a Nieto (2012-2018).<\/p>\n<p style=\"text-align: justify;\">Si, Generaciones perdida en la expulsi\u00f3n de su pa\u00eds en la b\u00fasqueda de mejores alternativas de vida ,30 a\u00f1os que los pol\u00edticos que pretenden representar al pueblo es el mismo en este 2021.<\/p>\n<p style=\"text-align: justify;\">\u00a1SI, A LA DEMOCRACIA NO A LA REELECCI\u00d3N, NOMAS GRUPOS DE PODER DE ELITES QUE HAN UTILIZADO LA BUENA FE DE SU PUEBLO.<br \/>\n1. <a href=\"https:\/\/www.facebook.com\/EnNezaRadio97.3fm\/videos\/828965781048688\/\" target=\"_blank\" rel=\"noopener\">https:\/\/www.facebook.com\/EnNezaRadio97.3fm\/videos\/828965781048688\/<\/a><br \/>\n2. ORTEGA Y GASSET .<a href=\"https:\/\/youtu.be\/UNAzi0dN44c\" target=\"_blank\" rel=\"noopener\">https:\/\/youtu.be\/UNAzi0dN44c<\/a>.<\/p>\n","protected":false},"excerpt":{"rendered":"<p>] Emiliano Mateo Carrillo Carrasco. Todo acto de gobierno o el partido en el gobierno tendr\u00e1 sus efectos a la poblaci\u00f3n, la causa y efecto ser\u00e1 una situaci\u00f3n de la poblaci\u00f3n de elegir sus diputados, presidentes municipales, gobernadores suscritos en cada regi\u00f3n, territorio de nuestro pa\u00eds. Gobiernos solidarios con rostro humano es lo que falta&#8230;<\/p>\n","protected":false},"author":2,"featured_media":1225145,"comment_status":"closed","ping_status":"closed","sticky":false,"template":"","format":"standard","meta":{"footnotes":""},"categories":[2071,1991],"tags":[7893],"class_list":["post-1225144","post","type-post","status-publish","format-standard","has-post-thumbnail","hentry","category-opinion-analisis-columnas","category-libertad-de-expresion","tag-emiliano-mateo-carrillo-carrasco"],"_links":{"self":[{"href":"https:\/\/www.acapulcopress.com\/index.php\/wp-json\/wp\/v2\/posts\/1225144","targetHints":{"allow":["GET"]}}],"collection":[{"href":"https:\/\/www.acapulcopress.com\/index.php\/wp-json\/wp\/v2\/posts"}],"about":[{"href":"https:\/\/www.acapulcopress.com\/index.php\/wp-json\/wp\/v2\/types\/post"}],"author":[{"embeddable":true,"href":"https:\/\/www.acapulcopress.com\/index.php\/wp-json\/wp\/v2\/users\/2"}],"replies":[{"embeddable":true,"href":"https:\/\/www.acapulcopress.com\/index.php\/wp-json\/wp\/v2\/comments?post=1225144"}],"version-history":[{"count":0,"href":"https:\/\/www.acapulcopress.com\/index.php\/wp-json\/wp\/v2\/posts\/1225144\/revisions"}],"wp:featuredmedia":[{"embeddable":true,"href":"https:\/\/www.acapulcopress.com\/index.php\/wp-json\/"}],"wp:attachment":[{"href":"https:\/\/www.acapulcopress.com\/index.php\/wp-json\/wp\/v2\/media?parent=1225144"}],"wp:term":[{"taxonomy":"category","embeddable":true,"href":"https:\/\/www.acapulcopress.com\/index.php\/wp-json\/wp\/v2\/categories?post=1225144"},{"taxonomy":"post_tag","embeddable":true,"href":"https:\/\/www.acapulcopress.com\/index.php\/wp-json\/wp\/v2\/tags?post=1225144"}],"curies":[{"name":"wp","href":"https:\/\/api.w.org\/{rel}","templated":true}]}}