{"id":1225151,"date":"2021-04-23T21:55:03","date_gmt":"2021-04-24T02:55:03","guid":{"rendered":"https:\/\/www.acapulcopress.com\/?p=1225151"},"modified":"2021-04-23T21:55:03","modified_gmt":"2021-04-24T02:55:03","slug":"se-desploma-morena-en-las-entidades-federativas","status":"publish","type":"post","link":"https:\/\/www.acapulcopress.com\/index.php\/2021\/04\/23\/se-desploma-morena-en-las-entidades-federativas\/","title":{"rendered":"Se desploma Morena en las entidades federativas"},"content":{"rendered":"<p style=\"text-align: justify;\">Desde San L\u00e1zaro<br \/>\n\u00bb <strong>Alejo S\u00e1nchez Cano<\/strong>.<br \/>\n<em>] <a href=\"https:\/\/www.elfinanciero.com.mx\/opinion\/alejo-sanchez-cano\/2021\/04\/22\/se-desploma-morena-en-las-entidades-federativas\/\" target=\"_blank\" rel=\"noopener\">El Financiero<\/a>.<\/em><\/p>\n<p style=\"text-align: justify;\">Faltan 45 d\u00edas para la elecci\u00f3n intermedia y las preferencias electorales en los estados en donde se renovar\u00e1n la gubernaturas, est\u00e1n movi\u00e9ndose en contra de los candidatos de Morena y sus aliados, lo que pone en evidencia de que la ciudadan\u00eda est\u00e1 decepcionada de ese partido, as\u00ed como de la gesti\u00f3n de L\u00f3pez Obrador y desde luego, por los yerros de los propios candidatos.<\/p>\n<p style=\"text-align: justify;\">En una elecci\u00f3n de Estado en donde todas las canicas que tiene el gobierno federal las ha puesto al servicio de los candidatos del partido en el poder, se esperar\u00eda que arrasar\u00e1n en los comicios del 6 de junio, sin embargo, ello no va a ser posible por el hartazgo que tiene la ciudadan\u00eda ante el desastre que prevalece en la econom\u00eda, la inseguridad p\u00fablica y la mortandad derivada por la pandemia.<\/p>\n<p style=\"text-align: justify;\">Se apost\u00f3 a la vacunaci\u00f3n de Covid-19, pero la lentitud del proceso, adem\u00e1s del burdo manejo del tema bajo la \u00f3ptica electoral, ha puesto a la sociedad en estado de alerta por el uso pol\u00edtico del ant\u00edgeno.<\/p>\n<p style=\"text-align: justify;\">Ahora no solo se reparten despensas, sino vacunas y apoyos econ\u00f3micos de todo tipo, disfrazados de programas asistenciales y a\u00fan con ello, tampoco es una garant\u00eda de que los beneficiarios de los programas acudan a las urnas para votar por los candidatos de Morena, ello a pesar de que los \u201cCuervos de la Naci\u00f3n\u201d los visitan sistem\u00e1ticamente para asegurarse de que sufragar\u00e1n a favor de los candidatos de ese partido.<\/p>\n<p style=\"text-align: justify;\">Y por si fuera poco, los propios candidatos de Morena han tenido en los primeros d\u00edas de campa\u00f1a una actuaci\u00f3n decepcionante. Si no me cree estimado lector, hay que ver lo que ha pasado en Nuevo Le\u00f3n, Sonora, Sinaloa, Baja California y Baja California Sur, Guerrero, SLP, Campeche y en Zacatecas, con el candidato \u201cnalgadas\u201d, por citar tan solo nueve entidades en donde los abanderados del partido de L\u00f3pez Obrador, se han desplomado en las preferencias de la ciudadan\u00eda, luego de haber arrancado como punteros.<\/p>\n<p style=\"text-align: justify;\">La guerra sucia y la judicializaci\u00f3n de las campa\u00f1as y sus candidatos est\u00e1 a la orden del d\u00eda por parte del gobierno, incluso en entidades como la CDMX, se han recrudecido en contra de la coalici\u00f3n conformada por el PAN, PRI y PRD.<\/p>\n<p style=\"text-align: justify;\">Otro fen\u00f3meno relevante es que hay candidatos como los de Movimiento Ciudadano que suben como la espuma como es el caso de Samuel Garc\u00eda y Luis Donaldo Colosio en Nuevo Le\u00f3n y Monterrey y otros, en donde la enorme cola que arrastran como producto de la corrupci\u00f3n y nexos con el crimen organizado, los han relegado en las preferencias electorales, como es el caso de Alfonso Durazo en Sonora.<\/p>\n<p style=\"text-align: justify;\">Hay que tener en cuenta que hay muchas encuestas de casas de dudosa reputaci\u00f3n que elaboran sus estudios demosc\u00f3picos de acuerdo a los intereses particulares de sus clientes, sin embargo, en contraparte hay empresas con prestigio profesional que en el mejor de los casos han dicho que Morena est\u00e1 perdiendo camino en sus aspiraciones para gobernar en los 15 estados en donde habr\u00e1 relevo de gobernador o gobernadora.<\/p>\n<p style=\"text-align: justify;\">Si esto ocurre con los aspirantes a gobernador, la cosa est\u00e1 peor para Morena en los distritos electorales, por lo que es inminente que no tendr\u00e1 la mayor\u00eda en la c\u00e1mara de diputados federal y ello no solo ha prendido los focos rojos en Palacio Nacional, sino que est\u00e1n tratando de meter todas las reformas que quiere AMLO en los dos \u00faltimos periodos de sesiones que le restan a los actuales diputados.<\/p>\n<p style=\"text-align: justify;\">El proyecto pol\u00edtico de AMLO se tambalea con los resultados de las elecciones del 6 de junio, por ello, vienen tiempos complicados para los mexicanos y no porque se metan con ellos directamente, sino porque se soslayan sus demandas, en aras de privilegiar las campa\u00f1as y el resultado de las elecciones.<\/p>\n","protected":false},"excerpt":{"rendered":"<p>Desde San L\u00e1zaro \u00bb Alejo S\u00e1nchez Cano. ] El Financiero. Faltan 45 d\u00edas para la elecci\u00f3n intermedia y las preferencias electorales en los estados en donde se renovar\u00e1n la gubernaturas, est\u00e1n movi\u00e9ndose en contra de los candidatos de Morena y sus aliados, lo que pone en evidencia de que la ciudadan\u00eda est\u00e1 decepcionada de ese&#8230;<\/p>\n","protected":false},"author":2,"featured_media":1225152,"comment_status":"closed","ping_status":"closed","sticky":false,"template":"","format":"standard","meta":{"footnotes":""},"categories":[2071,1991],"tags":[13297],"class_list":["post-1225151","post","type-post","status-publish","format-standard","has-post-thumbnail","hentry","category-opinion-analisis-columnas","category-libertad-de-expresion","tag-morena"],"_links":{"self":[{"href":"https:\/\/www.acapulcopress.com\/index.php\/wp-json\/wp\/v2\/posts\/1225151","targetHints":{"allow":["GET"]}}],"collection":[{"href":"https:\/\/www.acapulcopress.com\/index.php\/wp-json\/wp\/v2\/posts"}],"about":[{"href":"https:\/\/www.acapulcopress.com\/index.php\/wp-json\/wp\/v2\/types\/post"}],"author":[{"embeddable":true,"href":"https:\/\/www.acapulcopress.com\/index.php\/wp-json\/wp\/v2\/users\/2"}],"replies":[{"embeddable":true,"href":"https:\/\/www.acapulcopress.com\/index.php\/wp-json\/wp\/v2\/comments?post=1225151"}],"version-history":[{"count":0,"href":"https:\/\/www.acapulcopress.com\/index.php\/wp-json\/wp\/v2\/posts\/1225151\/revisions"}],"wp:featuredmedia":[{"embeddable":true,"href":"https:\/\/www.acapulcopress.com\/index.php\/wp-json\/"}],"wp:attachment":[{"href":"https:\/\/www.acapulcopress.com\/index.php\/wp-json\/wp\/v2\/media?parent=1225151"}],"wp:term":[{"taxonomy":"category","embeddable":true,"href":"https:\/\/www.acapulcopress.com\/index.php\/wp-json\/wp\/v2\/categories?post=1225151"},{"taxonomy":"post_tag","embeddable":true,"href":"https:\/\/www.acapulcopress.com\/index.php\/wp-json\/wp\/v2\/tags?post=1225151"}],"curies":[{"name":"wp","href":"https:\/\/api.w.org\/{rel}","templated":true}]}}