{"id":1225157,"date":"2021-04-23T22:47:01","date_gmt":"2021-04-24T03:47:01","guid":{"rendered":"https:\/\/www.acapulcopress.com\/?p=1225157"},"modified":"2021-04-23T22:47:01","modified_gmt":"2021-04-24T03:47:01","slug":"acapulco-a-merced-de-la-delincuencia-gracias-a-adela-roman-paco-rodriguez","status":"publish","type":"post","link":"https:\/\/www.acapulcopress.com\/index.php\/2021\/04\/23\/acapulco-a-merced-de-la-delincuencia-gracias-a-adela-roman-paco-rodriguez\/","title":{"rendered":"Acapulco a merced de la delincuencia gracias a Adela Rom\u00e1n | Paco Rodr\u00edguez"},"content":{"rendered":"<p style=\"text-align: justify;\">] ACAPULCO. * 23 de abril de 2021.<br \/>\n<em>| Especial.<\/em><\/p>\n<p style=\"text-align: justify;\">El candidato de la coalici\u00f3n PRI\/PRD a Diputado local por el Distrito 3 de Acapulco, Francisco #Paco Rodr\u00edguez tero, suscribi\u00f3 que Acapulco se haya a merced de la delincuencia organizada gracias a la negligencia y obsesiones pol\u00edticas de la alcaldesa Adela Rom\u00e1n Ocampo.<\/p>\n<p style=\"text-align: justify;\">Los hechos se ven, nadie los inventa, motivo por el cual Acapulco necesita un programa emergente para frenar los actos delictivos, como la quema de locales y autos, dijo Rodr\u00edguez Otero, quien\u00a0reproch\u00f3 que la presidenta est\u00e9 m\u00e1s enfocada en la defensa de los que aspiran a cargos de elecci\u00f3n popular de su partido que por las necesidades de sus gobernador.<\/p>\n<p style=\"text-align: justify;\">Rodr\u00edguez Otero aludi\u00f3 a la f\u00e9rrea defensa que la alcaldesa se haya haciendo ante ante el Consejo General del Instituto Electoral y de Participaci\u00f3n Ciudadana del Estado de Guerrero (IEPCGro) por la cancelaci\u00f3n de la candidatura plurinominal de su \u201chermana\u201d Adriana Rom\u00e1n Ocampo, por no haber solicitado licencia a tiempo para su aspiraci\u00f3n pol\u00edtica.<\/p>\n<p style=\"text-align: justify;\">\u00abSi quieren que se agrave el desastre en que est\u00e1 sumergido el puerto de Acapulco, \u00a1que voten por los morenos! Pero si lo que anhelan es el progreso y el respeto a las leyes, que le apuesten a la coalici\u00f3n PRI\/PRD\u00bb, subray\u00f3 #Paco Rodr\u00edguez, quien detall\u00f3 que durante sus\u00a0recorridos por callejones y calles de las colonias que pertenecen a su distrito, la denuncia recurrente de los vecinos es el \u00ababandono y la ausencia total de los servicios p\u00fablicos\u00bb, pero el problema central es que \u00abno hay agua potable pero s\u00ed, en cambio, el recibo les llega el recibo puntualmente\u00bb.<\/p>\n<p style=\"text-align: justify;\">Rodr\u00edguez Otero reiter\u00f3 que este destino de playa est\u00e1 a merced de los delincuentes y urge un cambio de estrategia;\u00a0 que los que est\u00e1n en la primera l\u00ednea de batalla, que son los polic\u00edas municipales, est\u00e9n perfectamente equipados y den resultados, no como ocurre ahora que el gobierno les ha fallado, como le ha fallado a los ciudadanos\u00bb, por ausentarse tanto la alcaldesa del ayuntamiento por sus obsesiones pol\u00edticas.<\/p>\n<p style=\"text-align: justify;\">Para finalizar, el candidato de #VaXGuerrero en el Distrito 3 asegur\u00f3 que tiene la experiencia y aspira hacer historia como integrante de la pr\u00f3xima legislatura, presentando iniciativas que coadyuven a dar respuesta a sus justas demandas de los guerrerenses.<\/p>\n","protected":false},"excerpt":{"rendered":"<p>] ACAPULCO. * 23 de abril de 2021. | Especial. El candidato de la coalici\u00f3n PRI\/PRD a Diputado local por el Distrito 3 de Acapulco, Francisco #Paco Rodr\u00edguez tero, suscribi\u00f3 que Acapulco se haya a merced de la delincuencia organizada gracias a la negligencia y obsesiones pol\u00edticas de la alcaldesa Adela Rom\u00e1n Ocampo. Los hechos&#8230;<\/p>\n","protected":false},"author":2,"featured_media":1225158,"comment_status":"closed","ping_status":"closed","sticky":false,"template":"","format":"standard","meta":{"footnotes":""},"categories":[2052,18561],"tags":[5928,8895],"class_list":["post-1225157","post","type-post","status-publish","format-standard","has-post-thumbnail","hentry","category-elecciones","category-society-politics","tag-coalicion-va-por-guerrero","tag-francisco-rodriguez-otero"],"_links":{"self":[{"href":"https:\/\/www.acapulcopress.com\/index.php\/wp-json\/wp\/v2\/posts\/1225157","targetHints":{"allow":["GET"]}}],"collection":[{"href":"https:\/\/www.acapulcopress.com\/index.php\/wp-json\/wp\/v2\/posts"}],"about":[{"href":"https:\/\/www.acapulcopress.com\/index.php\/wp-json\/wp\/v2\/types\/post"}],"author":[{"embeddable":true,"href":"https:\/\/www.acapulcopress.com\/index.php\/wp-json\/wp\/v2\/users\/2"}],"replies":[{"embeddable":true,"href":"https:\/\/www.acapulcopress.com\/index.php\/wp-json\/wp\/v2\/comments?post=1225157"}],"version-history":[{"count":0,"href":"https:\/\/www.acapulcopress.com\/index.php\/wp-json\/wp\/v2\/posts\/1225157\/revisions"}],"wp:featuredmedia":[{"embeddable":true,"href":"https:\/\/www.acapulcopress.com\/index.php\/wp-json\/"}],"wp:attachment":[{"href":"https:\/\/www.acapulcopress.com\/index.php\/wp-json\/wp\/v2\/media?parent=1225157"}],"wp:term":[{"taxonomy":"category","embeddable":true,"href":"https:\/\/www.acapulcopress.com\/index.php\/wp-json\/wp\/v2\/categories?post=1225157"},{"taxonomy":"post_tag","embeddable":true,"href":"https:\/\/www.acapulcopress.com\/index.php\/wp-json\/wp\/v2\/tags?post=1225157"}],"curies":[{"name":"wp","href":"https:\/\/api.w.org\/{rel}","templated":true}]}}