{"id":1225165,"date":"2021-04-23T22:59:18","date_gmt":"2021-04-24T03:59:18","guid":{"rendered":"https:\/\/www.acapulcopress.com\/?p=1225165"},"modified":"2021-04-23T22:59:18","modified_gmt":"2021-04-24T03:59:18","slug":"entrega-tulio-perez-cuenta-publica-estatal-del-ejercicio-2020-a-la-ase","status":"publish","type":"post","link":"https:\/\/www.acapulcopress.com\/index.php\/2021\/04\/23\/entrega-tulio-perez-cuenta-publica-estatal-del-ejercicio-2020-a-la-ase\/","title":{"rendered":"Entrega Tulio P\u00e9rez cuenta p\u00fablica estatal del Ejercicio 2020 a la ASE"},"content":{"rendered":"<p style=\"text-align: justify;\">] CHILPANCINGO. * 23 de abril de 2021.<br \/>\n<em>| Gobierno de Guerrero.<\/em><\/p>\n<p style=\"text-align: justify;\">Para dar cumplimiento a los art\u00edculos 91, fracci\u00f3n XXVII de la Constituci\u00f3n Pol\u00edtica del Estado Libre y Soberano de Guerrero y art\u00edculo 13 de la<em> Ley 468 de Fiscalizaci\u00f3n Superior y Rendici\u00f3n de Cuentas del Estado,<\/em> en representaci\u00f3n del gobernador H\u00e9ctor Astudillo Flores, el secretario de Finanzas y Administraci\u00f3n del estado, Tulio Samuel P\u00e9rez Calvo, entreg\u00f3 la Cuenta P\u00fablica del Poder Ejecutivo correspondiente al ejercicio fiscal 2020 a la Auditor\u00eda Superior del Estado, a trav\u00e9s de la plataforma digital ASENET.<\/p>\n<p style=\"text-align: justify;\">Ante el auditor Superior del Estado, Alfonso Damian Peralta, el encargado de las finanzas en la entidad explic\u00f3 que la cuenta p\u00fablica est\u00e1 integrada por formatos e informaci\u00f3n de car\u00e1cter contable, program\u00e1tica y presupuestal que refleja el resultado de la una gesti\u00f3n responsable y transparente.<\/p>\n<p style=\"text-align: justify;\">\u00abEl presente documento incluye a los poderes del Estado, los \u00d3rganos Aut\u00f3nomos y los Organismos del Sector Paraestatal, en base al acuerdo por el que se armoniza la estructura de las cuentas p\u00fablicas de las entidades federativas, emitido por el Consejo Nacional de Armonizaci\u00f3n Contable\u00bb, indic\u00f3.<\/p>\n<p style=\"text-align: justify;\">P\u00e9rez Calv\u00f3 mencion\u00f3 que tambi\u00e9n contiene las acciones que se realizaron para fortalecer la gobernabilidad democr\u00e1tica, las cuales ayudaron a reducir los \u00edndices de inseguridad y que favorecieron el respeto y la protecci\u00f3n de los derechos humanos.<\/p>\n<p style=\"text-align: justify;\">\u00abEn materia de la administraci\u00f3n p\u00fablica estatal, el a\u00f1o 2020 fue un ejercicio at\u00edpico por los ajustes en los programas de trabajo y a las erogaciones financieras no previstas que se realizaron por la emergencia sanitaria por COVID-19\u00bb, resalt\u00f3.<\/p>\n<p style=\"text-align: justify;\">El funcionario estatal enfatiz\u00f3 que en la Secretar\u00eda de Finanzas y Administraci\u00f3n, se han enfocado estrategias financieras, desde hace cinco a\u00f1os, con el objetivo de mantener el equilibrio de la hacienda p\u00fablica estatal, procurando suficiencia de los recursos para financiar un gasto cada vez mayor con el prop\u00f3sito de dar atenci\u00f3n a las demandas de la sociedad y crear las condiciones para mantener el ritmo del desarrollo econ\u00f3mico, pol\u00edtico y social de Guerrero.<\/p>\n<p style=\"text-align: justify;\">\u00abEsta ser\u00e1 la \u00faltima cuenta p\u00fablica que se entrega, pero puedo destacar que hasta el d\u00eda de hoy, se ha cumplido con el compromiso que el Ejecutivo Estatal estableci\u00f3 con la sociedad guerrerense en materia de transparencia y rendici\u00f3n de cuentas\u00bb, dijo.<\/p>\n<p style=\"text-align: justify;\">P\u00e9rez Calvo, al respecto inform\u00f3 que se han entregado ante ese \u00f3rgano de fiscalizaci\u00f3n un total de cinco Cuentas P\u00fablicas y siete Informes Financieros Semestrales, haciendo un total de doce documentos.<\/p>\n<p style=\"text-align: justify;\">\u00abRecordemos que la transparencia y la rendici\u00f3n de cuentas es un compromiso de todos, hagamos d\u00eda a d\u00eda nuestro mayor esfuerzo para darle cabal cumplimiento a este mandato legal y derecho leg\u00edtimo que tienen los ciudadanos\u00bb, apunt\u00f3.<\/p>\n","protected":false},"excerpt":{"rendered":"<p>] CHILPANCINGO. * 23 de abril de 2021. | Gobierno de Guerrero. Para dar cumplimiento a los art\u00edculos 91, fracci\u00f3n XXVII de la Constituci\u00f3n Pol\u00edtica del Estado Libre y Soberano de Guerrero y art\u00edculo 13 de la Ley 468 de Fiscalizaci\u00f3n Superior y Rendici\u00f3n de Cuentas del Estado, en representaci\u00f3n del gobernador H\u00e9ctor Astudillo Flores,&#8230;<\/p>\n","protected":false},"author":2,"featured_media":1225171,"comment_status":"closed","ping_status":"closed","sticky":false,"template":"","format":"standard","meta":{"footnotes":""},"categories":[18573,1983],"tags":[3617,6482,11809,17430],"class_list":["post-1225165","post","type-post","status-publish","format-standard","has-post-thumbnail","hentry","category-goverment","category-guerrerogob","tag-alfonso-damian-peralta","tag-consejo-nacional-de-armonizacion-contable","tag-ley-468-de-fiscalizacion-superior-y-rendicion-de-cuentas-del-estado","tag-tulio-samuel-perez-calvo"],"_links":{"self":[{"href":"https:\/\/www.acapulcopress.com\/index.php\/wp-json\/wp\/v2\/posts\/1225165","targetHints":{"allow":["GET"]}}],"collection":[{"href":"https:\/\/www.acapulcopress.com\/index.php\/wp-json\/wp\/v2\/posts"}],"about":[{"href":"https:\/\/www.acapulcopress.com\/index.php\/wp-json\/wp\/v2\/types\/post"}],"author":[{"embeddable":true,"href":"https:\/\/www.acapulcopress.com\/index.php\/wp-json\/wp\/v2\/users\/2"}],"replies":[{"embeddable":true,"href":"https:\/\/www.acapulcopress.com\/index.php\/wp-json\/wp\/v2\/comments?post=1225165"}],"version-history":[{"count":0,"href":"https:\/\/www.acapulcopress.com\/index.php\/wp-json\/wp\/v2\/posts\/1225165\/revisions"}],"wp:featuredmedia":[{"embeddable":true,"href":"https:\/\/www.acapulcopress.com\/index.php\/wp-json\/"}],"wp:attachment":[{"href":"https:\/\/www.acapulcopress.com\/index.php\/wp-json\/wp\/v2\/media?parent=1225165"}],"wp:term":[{"taxonomy":"category","embeddable":true,"href":"https:\/\/www.acapulcopress.com\/index.php\/wp-json\/wp\/v2\/categories?post=1225165"},{"taxonomy":"post_tag","embeddable":true,"href":"https:\/\/www.acapulcopress.com\/index.php\/wp-json\/wp\/v2\/tags?post=1225165"}],"curies":[{"name":"wp","href":"https:\/\/api.w.org\/{rel}","templated":true}]}}