{"id":1225173,"date":"2021-04-23T23:25:28","date_gmt":"2021-04-24T04:25:28","guid":{"rendered":"https:\/\/www.acapulcopress.com\/?p=1225173"},"modified":"2021-04-23T23:25:28","modified_gmt":"2021-04-24T04:25:28","slug":"supervisa-gobernador-aplicacion-de-vacuna-anticovid-en-san-marcos-y-cruz-grande","status":"publish","type":"post","link":"https:\/\/www.acapulcopress.com\/index.php\/2021\/04\/23\/supervisa-gobernador-aplicacion-de-vacuna-anticovid-en-san-marcos-y-cruz-grande\/","title":{"rendered":"Supervisa Gobernador aplicaci\u00f3n de vacuna antiCovid en San Marcos y Cruz Grande"},"content":{"rendered":"<p style=\"text-align: justify;\">] FLORENCIO VILLAREAL. * 23 de abril de 2021.<br \/>\n<em>| Gobierno de Guerrero.<\/em><\/p>\n<p style=\"text-align: justify;\">\u00a0El gobernador del estado, H\u00e9ctor Astudillo Flores, y el delegado federal de los programas sociales en Guerrero, Iv\u00e1n Hern\u00e1ndez D\u00edaz, visitaron los macropuntos de vacunaci\u00f3n ubicados en los municipios de Florencio Villarreal y San <img loading=\"lazy\" decoding=\"async\" class=\"alignleft size-medium wp-image-1225179\" src=\"https:\/\/www.acapulco.press\/wp-content\/uploads\/2021\/04\/haf-vacuna6-375x250.jpg\" alt=\"\" width=\"375\" height=\"250\" \/>Marcos, en donde constataron el proceso mediante el cual se vacuna contra el Covid-19 a la poblaci\u00f3n mayor de 60 a\u00f1os.<\/p>\n<p style=\"text-align: justify;\">En un primer punto de su recorrido, en compa\u00f1\u00eda del secretario de Salud, Carlos de la Pe\u00f1a Pintos; el jefe de la Oficina del gobernador, Alejandro Bravo Abarca y el alcalde Wilbert Sait Garc\u00eda Trujillo as\u00ed como el subdelegado del gobierno federal en la Costa Chica, Alberto Salgado, el mandatario estatal visit\u00f3 la cancha del Parque Integral Solidaridad.<\/p>\n<p style=\"text-align: justify;\">Ah\u00ed expres\u00f3 su reconocimiento a todos quienes han hecho <img loading=\"lazy\" decoding=\"async\" class=\"alignleft size-medium wp-image-1225178\" src=\"https:\/\/www.acapulco.press\/wp-content\/uploads\/2021\/04\/haf-vacuna5-375x250.jpg\" alt=\"\" width=\"375\" height=\"250\" \/>posible la consolidaci\u00f3n de estas acciones, desde los adultos que responsablemente acuden a vacunarse, hasta el personal de las distintas dependencias que coadyuvan a esta tarea.<\/p>\n<p style=\"text-align: justify;\">El mandatario estatal y el delegado federal recorrieron todos los m\u00f3dulos ubicados en la cancha, para platicar con los beneficiarios y el personal m\u00e9dico.<\/p>\n<p style=\"text-align: justify;\">M\u00e1s tarde se trasladaron a la Unidad Deportiva de San Marcos, en donde tambi\u00e9n sostuvieron un breve encuentro con los ah\u00ed presentes.<\/p>\n<p style=\"text-align: justify;\">Durante su estancia en este macro punto, visit\u00f3 el consultorio m\u00e9dico de la Secretar\u00eda de Salud del estado, en donde le mostraron los servicios que se ofrecen y se tom\u00f3 la presi\u00f3n.<\/p>\n<p style=\"text-align: justify;\">Para finalizar su visita, Astudillo Flores reiter\u00f3 su agradecimiento al personal de las distintas dependencias, por su labor y contribuci\u00f3n a esta acci\u00f3n, que beneficia de manera directa a la poblaci\u00f3n de adultos mayores.<\/p>\n<p style=\"text-align: justify;\"><strong>Vacunaci\u00f3n, elemento m\u00e1s contundente para enfrentar el Covid-19<\/strong><\/p>\n<p style=\"text-align: justify;\">\u00abLa vacunaci\u00f3n sigue siendo el elemento m\u00e1s contundente para enfrentar el Covid-19\u00bb, se\u00f1al\u00f3 el gobernador H\u00e9ctor <img loading=\"lazy\" decoding=\"async\" class=\"alignleft size-medium wp-image-1225176\" src=\"https:\/\/www.acapulco.press\/wp-content\/uploads\/2021\/04\/haf-vacuna3-375x250.jpg\" alt=\"\" width=\"375\" height=\"250\" \/>Astudillo Flores durante la transmisi\u00f3n diaria sobre la situaci\u00f3n que guarda el estado en relaci\u00f3n a la pandemia.<\/p>\n<p style=\"text-align: justify;\">En compa\u00f1\u00eda del delegado en Guerrero de los programas federales, Iv\u00e1n Hern\u00e1ndez D\u00edaz, reiter\u00f3 su llamado a la poblaci\u00f3n de m\u00e1s de 60 a\u00f1os a que acudan a recibir la primera o segunda dosis, de acuerdo a lo que les corresponda.<\/p>\n<p style=\"text-align: justify;\">El mandatario estatal destac\u00f3 una vez m\u00e1s la gran coordinaci\u00f3n de esfuerzos entre los diferentes \u00f3rdenes de gobierno, que ha permitido este beneficio. De igual modo <img loading=\"lazy\" decoding=\"async\" class=\"alignleft size-medium wp-image-1225175\" src=\"https:\/\/www.acapulco.press\/wp-content\/uploads\/2021\/04\/haf-vacuna2-375x250.jpg\" alt=\"\" width=\"375\" height=\"250\" \/>hizo \u00e9nfasis en que como resultado de esta colaboraci\u00f3n, en Guerrero actualmente se est\u00e1 aplicando la primera dosis en 30 municipios y la segunda dosis en Florencio Villarreal, Copala y Cuautepec.<\/p>\n<p style=\"text-align: justify;\">En este contexto se inform\u00f3 que 19 mil 563 personas fueron vacunadas este jueves 22 de abril, siendo el d\u00eda con mayor n\u00famero de personas inmunizadas, lo que representa un gran avance en el tema y que permitir\u00e1 llegar a la meta previamente establecida.<\/p>\n<p style=\"text-align: justify;\">En su participaci\u00f3n Hern\u00e1ndez D\u00edaz hizo \u00e9nfasis en toda la <img loading=\"lazy\" decoding=\"async\" class=\"alignleft size-medium wp-image-1225174\" src=\"https:\/\/www.acapulco.press\/wp-content\/uploads\/2021\/04\/haf-vacuna-375x309.jpg\" alt=\"\" width=\"375\" height=\"309\" \/>colaboraci\u00f3n que ha distinguido la vacunaci\u00f3n en Guerrero. \u00abReiteramos lo que hemos dicho, esto se debe a la extraordinaria coordinaci\u00f3n que hemos construido con usted se\u00f1or gobernador, con los presidentes municipales de todo el estado\u00bb.<\/p>\n<p style=\"text-align: justify;\">Tambi\u00e9n coincidi\u00f3 en su llamado a la poblaci\u00f3n para que acudan a recibir la segunda dosis.<\/p>\n<p style=\"text-align: justify;\">Detall\u00f3 que actualmente la vacunaci\u00f3n tambi\u00e9n se aplica en Chilapa, Hueycantenago, Ahuacotzingo, Zitlala, Atlixtac, Jos\u00e9 Joaqu\u00edn de Herrera, Mochitl\u00e1n, Quechultenango, M\u00e1rtir de Cuilapan, General Heliodoro Castillo, Juan R. Escudero, Apaxtla, General Canuto Neri, Copalillo, Huitzuco, Iliatengo, Cochoapa, Acatepec, s\u00f3lo por mencionar algunos. De igual manera record\u00f3 que el pr\u00f3ximo lunes se aplicar\u00e1 segunda dosis para Acapulco.<br \/>\nLos n\u00fameros del Covid-19<\/p>\n<p style=\"text-align: justify;\">En su reporte, el secretario de Salud dio a conocer que hay 39 mil 240 casos acumulados, 4 mil 279 defunciones, 92 casos nuevos y 543 activos, por lo que se han reforzado las acciones en los municipios de General Helidoro Castillo, Xochistlahuaca y Ayutla, para logar una importante detecci\u00f3n oportuna.<\/p>\n<p style=\"text-align: justify;\">Hay un promedio de 8.5 decesos diarios, lo que habal de una disminuci\u00f3n en este rubro. En lo que respecta a la hospitalizaci\u00f3n, hay un 21 por ciento de ocupaci\u00f3n, por arriba de la media nacional que es de 14; mientras que en pacientes intubados hay 14 por ciento, por debajo del indicador Nacional que es de 20 puntos porcentuales.<\/p>\n","protected":false},"excerpt":{"rendered":"<p>] FLORENCIO VILLAREAL. * 23 de abril de 2021. | Gobierno de Guerrero. \u00a0El gobernador del estado, H\u00e9ctor Astudillo Flores, y el delegado federal de los programas sociales en Guerrero, Iv\u00e1n Hern\u00e1ndez D\u00edaz, visitaron los macropuntos de vacunaci\u00f3n ubicados en los municipios de Florencio Villarreal y San Marcos, en donde constataron el proceso mediante el&#8230;<\/p>\n","protected":false},"author":2,"featured_media":1225177,"comment_status":"closed","ping_status":"closed","sticky":false,"template":"","format":"standard","meta":{"footnotes":""},"categories":[18573,1983],"tags":[6705,9302,9705,10498,16421],"class_list":["post-1225173","post","type-post","status-publish","format-standard","has-post-thumbnail","hentry","category-goverment","category-guerrerogob","tag-covid19","tag-gobierno-de-guerrero","tag-hector-astudillo-flores","tag-ivan-hernandez-diaz","tag-semaforo-de-riesgo-covid19"],"_links":{"self":[{"href":"https:\/\/www.acapulcopress.com\/index.php\/wp-json\/wp\/v2\/posts\/1225173","targetHints":{"allow":["GET"]}}],"collection":[{"href":"https:\/\/www.acapulcopress.com\/index.php\/wp-json\/wp\/v2\/posts"}],"about":[{"href":"https:\/\/www.acapulcopress.com\/index.php\/wp-json\/wp\/v2\/types\/post"}],"author":[{"embeddable":true,"href":"https:\/\/www.acapulcopress.com\/index.php\/wp-json\/wp\/v2\/users\/2"}],"replies":[{"embeddable":true,"href":"https:\/\/www.acapulcopress.com\/index.php\/wp-json\/wp\/v2\/comments?post=1225173"}],"version-history":[{"count":0,"href":"https:\/\/www.acapulcopress.com\/index.php\/wp-json\/wp\/v2\/posts\/1225173\/revisions"}],"wp:featuredmedia":[{"embeddable":true,"href":"https:\/\/www.acapulcopress.com\/index.php\/wp-json\/"}],"wp:attachment":[{"href":"https:\/\/www.acapulcopress.com\/index.php\/wp-json\/wp\/v2\/media?parent=1225173"}],"wp:term":[{"taxonomy":"category","embeddable":true,"href":"https:\/\/www.acapulcopress.com\/index.php\/wp-json\/wp\/v2\/categories?post=1225173"},{"taxonomy":"post_tag","embeddable":true,"href":"https:\/\/www.acapulcopress.com\/index.php\/wp-json\/wp\/v2\/tags?post=1225173"}],"curies":[{"name":"wp","href":"https:\/\/api.w.org\/{rel}","templated":true}]}}