{"id":1225206,"date":"2021-04-25T15:36:45","date_gmt":"2021-04-25T20:36:45","guid":{"rendered":"https:\/\/www.acapulcopress.com\/?p=1225206"},"modified":"2021-04-25T15:36:45","modified_gmt":"2021-04-25T20:36:45","slug":"hector-vicario-acompano-a-mario-moreno-en-arranque-de-campana-de-david-gama","status":"publish","type":"post","link":"https:\/\/www.acapulcopress.com\/index.php\/2021\/04\/25\/hector-vicario-acompano-a-mario-moreno-en-arranque-de-campana-de-david-gama\/","title":{"rendered":"H\u00e9ctor Vicario acompa\u00f1\u00f3 a Mario Moreno en arranque de campa\u00f1a de David Gama"},"content":{"rendered":"<p>IGUALA DE LA INDEPENDENCIA. * 24 de abril de 2021.<br \/>\n<em>| Especial.<\/em><\/p>\n<p style=\"text-align: justify;\">H\u00e9ctor Vicario Castrej\u00f3n, candidato de la alianza PRI\/PRD a diputado local por el Distrito 23, acompa\u00f1\u00f3 pasado s\u00e1bado 24 de abril al pr\u00f3ximo Gobernador de Guerrero, Mario Moreno Arcos, al inicio de campa\u00f1a de David Gama, aspirante a Presidente Municipal de Iguala de la Independencia.<\/p>\n<p style=\"text-align: justify;\">\u00abVamos con paso firme rumbo a la victoria este 6 de junio. Nuestra meta siempre ser\u00e1 el beneficio de las familias guerrerenses, para mejores oportunidades, una vida de calidad, respeto e igualdad y estabilidad econ\u00f3mica\u00bb, manifest\u00f3 Vicario Castrej\u00f3n.<\/p>\n\n","protected":false},"excerpt":{"rendered":"<p>IGUALA DE LA INDEPENDENCIA. * 24 de abril de 2021. | Especial. H\u00e9ctor Vicario Castrej\u00f3n, candidato de la alianza PRI\/PRD a diputado local por el Distrito 23, acompa\u00f1\u00f3 pasado s\u00e1bado 24 de abril al pr\u00f3ximo Gobernador de Guerrero, Mario Moreno Arcos, al inicio de campa\u00f1a de David Gama, aspirante a Presidente Municipal de Iguala de&#8230;<\/p>\n","protected":false},"author":2,"featured_media":1225211,"comment_status":"closed","ping_status":"closed","sticky":false,"template":"","format":"standard","meta":{"footnotes":""},"categories":[2052,18561],"tags":[9738,12685],"class_list":["post-1225206","post","type-post","status-publish","format-standard","has-post-thumbnail","hentry","category-elecciones","category-society-politics","tag-hector-vicario-castrejon","tag-mario-moreno-arcos"],"_links":{"self":[{"href":"https:\/\/www.acapulcopress.com\/index.php\/wp-json\/wp\/v2\/posts\/1225206","targetHints":{"allow":["GET"]}}],"collection":[{"href":"https:\/\/www.acapulcopress.com\/index.php\/wp-json\/wp\/v2\/posts"}],"about":[{"href":"https:\/\/www.acapulcopress.com\/index.php\/wp-json\/wp\/v2\/types\/post"}],"author":[{"embeddable":true,"href":"https:\/\/www.acapulcopress.com\/index.php\/wp-json\/wp\/v2\/users\/2"}],"replies":[{"embeddable":true,"href":"https:\/\/www.acapulcopress.com\/index.php\/wp-json\/wp\/v2\/comments?post=1225206"}],"version-history":[{"count":0,"href":"https:\/\/www.acapulcopress.com\/index.php\/wp-json\/wp\/v2\/posts\/1225206\/revisions"}],"wp:featuredmedia":[{"embeddable":true,"href":"https:\/\/www.acapulcopress.com\/index.php\/wp-json\/"}],"wp:attachment":[{"href":"https:\/\/www.acapulcopress.com\/index.php\/wp-json\/wp\/v2\/media?parent=1225206"}],"wp:term":[{"taxonomy":"category","embeddable":true,"href":"https:\/\/www.acapulcopress.com\/index.php\/wp-json\/wp\/v2\/categories?post=1225206"},{"taxonomy":"post_tag","embeddable":true,"href":"https:\/\/www.acapulcopress.com\/index.php\/wp-json\/wp\/v2\/tags?post=1225206"}],"curies":[{"name":"wp","href":"https:\/\/api.w.org\/{rel}","templated":true}]}}