{"id":1225316,"date":"2021-04-25T20:27:11","date_gmt":"2021-04-26T01:27:11","guid":{"rendered":"https:\/\/www.acapulcopress.com\/?p=1225316"},"modified":"2021-04-25T20:27:11","modified_gmt":"2021-04-26T01:27:11","slug":"anorve-presente-en-arranque-de-campanas-de-taja-sanchez-gama-y-adame","status":"publish","type":"post","link":"https:\/\/www.acapulcopress.com\/index.php\/2021\/04\/25\/anorve-presente-en-arranque-de-campanas-de-taja-sanchez-gama-y-adame\/","title":{"rendered":"A\u00f1orve, presente en arranque de campa\u00f1as de #Taja, S\u00e1nchez, Gama y AdamE"},"content":{"rendered":"<p style=\"text-align: justify;\">* Reconoce Manuel A\u00f1orve e\u00f1 trabajo pol\u00edtico de Mario Moreno, candidato a Gobernador de Guerrero.<\/p>\n<p style=\"text-align: justify;\">] ACAPULCO. * 25 de abril de 2021.<br \/>\n<em>| Especial.<br \/>\n<\/em><br \/>\nEste fin de semana el Senador de la Rep\u00fablica, Manuel A\u00f1orve Ba\u00f1os, asisti\u00f3 a los arranques de campa\u00f1a de los candidatos a alcaldes Ricardo Taja Ram\u00edrez en Acapulco, Jorge S\u00e1nchez Allec en Zihuatanejo, David Gama P\u00e9rez en Iguala, y Efr\u00e9n Adame Montalv\u00e1n en Ometepec.<\/p>\n<p style=\"text-align: justify;\">A\u00f1orve Ba\u00f1os expres\u00f3 sentirse contento por ver el \u00e1nimo de la gente que decidi\u00f3 ir a acompa\u00f1ar a sus candidatos, y reconoci\u00f3 el trabajo pol\u00edtico que est\u00e1 haciendo Mario Moreno Arcos en la b\u00fasqueda de ser el pr\u00f3ximo Gobernador de Guerrero; y que tambi\u00e9n asisti\u00f3 a los inicios de campa\u00f1a.<\/p>\n<p style=\"text-align: justify;\">Respecto al candidato a Presidente Municipal de Acapulco, Ricardo Taja Ram\u00edrez, el Senador A\u00f1orve dijo que son muy buenos amigos, y que Ricardo es un hombre con mucho trabajo social en Acapulco que tiene una gran capacidad de gesti\u00f3n y convocatoria, por lo que le reiter\u00f3 su colaboraci\u00f3n para trabajar juntos en esta campa\u00f1a electoral.<\/p>\n<p style=\"text-align: justify;\">En Zihuatanejo, Manuel A\u00f1orve coment\u00f3 que Jorge S\u00e1nchez Allec, ser\u00e1 nuevamente alcalde, ya que en estos \u00faltimos tres a\u00f1os este puerto tur\u00edstico tiene un rostro mejor, muchos avances, sus servicios p\u00fablicos han mejorado, y que el trabajo de Jorge es su mejor carta de presentaci\u00f3n para que la ciudadan\u00eda vuelva a confiar en \u00e9l.<\/p>\n<p style=\"text-align: justify;\">Sobre el inicio de campa\u00f1a de David Gama en Iguala, el legislador federal coment\u00f3 que con la fuerza y las ganas de trabajar que siempre ha mostrado David Gama, a Iguala le va a ir mejor, ya que el candidato de la alianza a alcalde, es un hombre serio, confiable y experiencia probada.<\/p>\n<p style=\"text-align: justify;\">Finalmente, A\u00f1orve Ba\u00f1os en Ometepec, destac\u00f3 el cari\u00f1o que sus paisanos tienen para con el candidato a la Presidencia municipal, ya que en este municipio de la Costa Chica se han hecho muchas acciones en beneficio de la poblaci\u00f3n, y que seguramente le dar\u00e1n otra oportunidad a Efr\u00e9n para seguir haciendo las cosas bien.<\/p>\n","protected":false},"excerpt":{"rendered":"<p>* Reconoce Manuel A\u00f1orve e\u00f1 trabajo pol\u00edtico de Mario Moreno, candidato a Gobernador de Guerrero. ] ACAPULCO. * 25 de abril de 2021. | Especial. Este fin de semana el Senador de la Rep\u00fablica, Manuel A\u00f1orve Ba\u00f1os, asisti\u00f3 a los arranques de campa\u00f1a de los candidatos a alcaldes Ricardo Taja Ram\u00edrez en Acapulco, Jorge S\u00e1nchez&#8230;<\/p>\n","protected":false},"author":2,"featured_media":1225317,"comment_status":"closed","ping_status":"closed","sticky":false,"template":"","format":"standard","meta":{"footnotes":""},"categories":[2052,18561],"tags":[12366,12685,15606],"class_list":["post-1225316","post","type-post","status-publish","format-standard","has-post-thumbnail","hentry","category-elecciones","category-society-politics","tag-manuel-anorve-banos","tag-mario-moreno-arcos","tag-ricardo-taja-ramirez"],"_links":{"self":[{"href":"https:\/\/www.acapulcopress.com\/index.php\/wp-json\/wp\/v2\/posts\/1225316","targetHints":{"allow":["GET"]}}],"collection":[{"href":"https:\/\/www.acapulcopress.com\/index.php\/wp-json\/wp\/v2\/posts"}],"about":[{"href":"https:\/\/www.acapulcopress.com\/index.php\/wp-json\/wp\/v2\/types\/post"}],"author":[{"embeddable":true,"href":"https:\/\/www.acapulcopress.com\/index.php\/wp-json\/wp\/v2\/users\/2"}],"replies":[{"embeddable":true,"href":"https:\/\/www.acapulcopress.com\/index.php\/wp-json\/wp\/v2\/comments?post=1225316"}],"version-history":[{"count":0,"href":"https:\/\/www.acapulcopress.com\/index.php\/wp-json\/wp\/v2\/posts\/1225316\/revisions"}],"wp:featuredmedia":[{"embeddable":true,"href":"https:\/\/www.acapulcopress.com\/index.php\/wp-json\/"}],"wp:attachment":[{"href":"https:\/\/www.acapulcopress.com\/index.php\/wp-json\/wp\/v2\/media?parent=1225316"}],"wp:term":[{"taxonomy":"category","embeddable":true,"href":"https:\/\/www.acapulcopress.com\/index.php\/wp-json\/wp\/v2\/categories?post=1225316"},{"taxonomy":"post_tag","embeddable":true,"href":"https:\/\/www.acapulcopress.com\/index.php\/wp-json\/wp\/v2\/tags?post=1225316"}],"curies":[{"name":"wp","href":"https:\/\/api.w.org\/{rel}","templated":true}]}}