{"id":1225387,"date":"2021-04-26T19:01:52","date_gmt":"2021-04-27T00:01:52","guid":{"rendered":"https:\/\/www.acapulcopress.com\/?p=1225387"},"modified":"2021-04-26T19:01:52","modified_gmt":"2021-04-27T00:01:52","slug":"con-un-chinga-tu-madre-inicia-campana-alfredo-adame-el-candidato-decente-y-educado","status":"publish","type":"post","link":"https:\/\/www.acapulcopress.com\/index.php\/2021\/04\/26\/con-un-chinga-tu-madre-inicia-campana-alfredo-adame-el-candidato-decente-y-educado\/","title":{"rendered":"Con un \u201cchinga tu madre\u201d inicia campa\u00f1a Alfredo Adame, el candidato decente y educado"},"content":{"rendered":"<p style=\"text-align: justify;\">] CIUDAD DE M\u00c9XICO. * 26 de abril de 2021.<br \/>\n<em>| <a href=\"https:\/\/www.reporteindigo.com\/reporte\/chinga-tu-madre-alfredo-adame-inicia-campana-insultando-automovilistas-video\/\" target=\"_blank\" rel=\"noopener\">Reporte \u00cdndigo<\/a>.<\/em><\/p>\n<p style=\"text-align: justify;\">El candidato de Redes Sociales Progresistas (RSP) para la diputaci\u00f3n por Tlalpan, Alfredo Adame, inici\u00f3 su campa\u00f1a electoral a las afueras del parque de diversiones Six Flags entre mentadas de madre, lo cual qued\u00f3 registrado en video.<\/p>\n<p style=\"text-align: justify;\">\u201cChinga tu madre\u201d, le grit\u00f3 Adame a uno de los automovilistas que pasa a un costado donde estaba siendo entrevistado.<\/p>\n<p style=\"text-align: justify;\">Y es que el candidato repart\u00eda volantes cuando tuvo un altercado con un conductor, que lo insult\u00f3 tocando el claxon del veh\u00edculo. Adame incluso se acerc\u00f3 a \u00e9l y empezaron a intercambiar insultos.<\/p>\n<p style=\"text-align: justify;\">\u201cSoy un ciudadano muy enojado, soy un candidato que va por recuperarle a Tlalpan la dignidad, por recuperar todo lo que le han robado. Por decirle a la gente \u2018ya no te dejes enga\u00f1ar\u2019, que no sigan haciendo de Tlalpan un bot\u00edn pol\u00edtico y econ\u00f3mico\u201d, expres\u00f3.<\/p>\n<p style=\"text-align: justify;\">Durante la entrega de propaganda en la carretera Picacho-Ajusco, el tambi\u00e9n actor se\u00f1al\u00f3 que sus principales ejes rectores ser\u00e1n la seguridad, salud, educaci\u00f3n y obra p\u00fablica.<\/p>\n<p style=\"text-align: justify;\">Ante las c\u00e1maras de <em>Milenio,<\/em> el tambi\u00e9n actor asegur\u00f3 que cuenta con el apoyo de los ciudadanos y aprovech\u00f3 para reiterar que el audio que circul\u00f3 en el que presuntamente dijo que se quedar\u00eda con 25 millones de pesos de los 40 que estaban destinados para su campa\u00f1a ya fue desmentido.<\/p>\n<p style=\"text-align: justify;\">\u201cEl audio ya est\u00e1 desvirtuado, ya est\u00e1 desmentido, es un audio editado con 7 traslapes o 7 puntos de edici\u00f3n y que no dice nada al final de cuentas. Yo nunca le he robado nada a nadie\u201d, explica.<\/p>\n<p style=\"text-align: justify;\">Incluso, respecto a este audio agreg\u00f3 que no presentar\u00eda ninguna denuncia y que mejor seguir\u00eda trabajando en su campa\u00f1a para mejorar la alcald\u00eda de Tlalpan.<\/p>\n<p style=\"text-align: justify;\">\u201cNo, nunca se\u00f1al\u00e9 que iba a hacer alguna denuncia, para qu\u00e9 la haces si en M\u00e9xico este tipo de denuncias no sirven, mejor demuestro c\u00f3mo lo he hecho durante 33 a\u00f1os de vida p\u00fablica, mejor demuestro qui\u00e9n soy\u201d, afirm\u00f3.<\/p>\n<div style=\"width: 640px;\" class=\"wp-video\"><video class=\"wp-video-shortcode\" id=\"video-1225387-1\" width=\"640\" height=\"360\" preload=\"metadata\" controls=\"controls\"><source type=\"video\/mp4\" src=\"https:\/\/www.acapulco.press\/wp-content\/uploads\/2021\/04\/Alfredo-Adame-campana.mp4?_=1\" \/><a href=\"https:\/\/www.acapulco.press\/wp-content\/uploads\/2021\/04\/Alfredo-Adame-campana.mp4\">https:\/\/www.acapulco.press\/wp-content\/uploads\/2021\/04\/Alfredo-Adame-campana.mp4<\/a><\/video><\/div>\n","protected":false},"excerpt":{"rendered":"<p>] CIUDAD DE M\u00c9XICO. * 26 de abril de 2021. | Reporte \u00cdndigo. El candidato de Redes Sociales Progresistas (RSP) para la diputaci\u00f3n por Tlalpan, Alfredo Adame, inici\u00f3 su campa\u00f1a electoral a las afueras del parque de diversiones Six Flags entre mentadas de madre, lo cual qued\u00f3 registrado en video. \u201cChinga tu madre\u201d, le grit\u00f3&#8230;<\/p>\n","protected":false},"author":2,"featured_media":1225388,"comment_status":"closed","ping_status":"closed","sticky":false,"template":"","format":"standard","meta":{"footnotes":""},"categories":[2053,18563,1972,1988],"tags":[3634,15378],"class_list":["post-1225387","post","type-post","status-publish","format-standard","has-post-thumbnail","hentry","category-elecciones-special","category-entretenimiento","category-special","category-lifestyles","tag-alfredo-adame","tag-redes-sociales-progresistas-rsp"],"_links":{"self":[{"href":"https:\/\/www.acapulcopress.com\/index.php\/wp-json\/wp\/v2\/posts\/1225387","targetHints":{"allow":["GET"]}}],"collection":[{"href":"https:\/\/www.acapulcopress.com\/index.php\/wp-json\/wp\/v2\/posts"}],"about":[{"href":"https:\/\/www.acapulcopress.com\/index.php\/wp-json\/wp\/v2\/types\/post"}],"author":[{"embeddable":true,"href":"https:\/\/www.acapulcopress.com\/index.php\/wp-json\/wp\/v2\/users\/2"}],"replies":[{"embeddable":true,"href":"https:\/\/www.acapulcopress.com\/index.php\/wp-json\/wp\/v2\/comments?post=1225387"}],"version-history":[{"count":0,"href":"https:\/\/www.acapulcopress.com\/index.php\/wp-json\/wp\/v2\/posts\/1225387\/revisions"}],"wp:featuredmedia":[{"embeddable":true,"href":"https:\/\/www.acapulcopress.com\/index.php\/wp-json\/"}],"wp:attachment":[{"href":"https:\/\/www.acapulcopress.com\/index.php\/wp-json\/wp\/v2\/media?parent=1225387"}],"wp:term":[{"taxonomy":"category","embeddable":true,"href":"https:\/\/www.acapulcopress.com\/index.php\/wp-json\/wp\/v2\/categories?post=1225387"},{"taxonomy":"post_tag","embeddable":true,"href":"https:\/\/www.acapulcopress.com\/index.php\/wp-json\/wp\/v2\/tags?post=1225387"}],"curies":[{"name":"wp","href":"https:\/\/api.w.org\/{rel}","templated":true}]}}