{"id":1225447,"date":"2021-04-26T22:11:22","date_gmt":"2021-04-27T03:11:22","guid":{"rendered":"https:\/\/www.acapulcopress.com\/?p=1225447"},"modified":"2021-04-26T22:11:22","modified_gmt":"2021-04-27T03:11:22","slug":"angel-irra-dime-de-que-hablas","status":"publish","type":"post","link":"https:\/\/www.acapulcopress.com\/index.php\/2021\/04\/26\/angel-irra-dime-de-que-hablas\/","title":{"rendered":"\u00c1ngel Irra | Dime de qu\u00e9 hablas\u2026"},"content":{"rendered":"<p>Un Rapid\u00edn<br \/>\n<strong>] Con \u00c1ngel Irra Carceda.<\/strong><br \/>\n<em>\u00bb angelirracar@hotmail.com.<\/em><\/p>\n<p>No me vayan a acusar de mis\u00f3gino, por favor\u2026<\/p>\n<p>Pero quien menos debe reclamar a candidatos a relevarla en el cargo, es precisamente la alcaldesa de Acapulco, Adela Rom\u00e1n Ocampo.<\/p>\n<p>Miren que andar ahora cuestionando las propuestas de los candidatos a la Presidencia Municipal porte\u00f1a.<\/p>\n<p>Por ejemplo, en materia del suministro de agua a los hogares de los acapulque\u00f1os, mejor se deber\u00eda quedar callada, calladita.<\/p>\n<p>Se ver\u00eda mejor mi ex vecina en la Progreso.<\/p>\n<p>Por cierto, mejor ser\u00eda bueno, excelente, que informara cu\u00e1ntas de sus promesas de campa\u00f1a ha cumplido, ya a unos cuanto meses de que deje el cargo.<\/p>\n<p>Es como si, en el mismo contexto, el alcalde de Chilpancingo, Antonio Gaspar Beltr\u00e1n, asumiera esa actitud.<\/p>\n<p>En ambos casos destacan m\u00e1s lo de las obras particulares que de la p\u00fablica. Aunque creo que de esta s\u00ed han hecho. Pero\u2026<\/p>\n","protected":false},"excerpt":{"rendered":"<p>Un Rapid\u00edn ] Con \u00c1ngel Irra Carceda. \u00bb angelirracar@hotmail.com. No me vayan a acusar de mis\u00f3gino, por favor\u2026 Pero quien menos debe reclamar a candidatos a relevarla en el cargo, es precisamente la alcaldesa de Acapulco, Adela Rom\u00e1n Ocampo. Miren que andar ahora cuestionando las propuestas de los candidatos a la Presidencia Municipal porte\u00f1a. Por&#8230;<\/p>\n","protected":false},"author":2,"featured_media":1225448,"comment_status":"closed","ping_status":"closed","sticky":false,"template":"","format":"standard","meta":{"footnotes":""},"categories":[2071,1991],"tags":[3257,3938,17511],"class_list":["post-1225447","post","type-post","status-publish","format-standard","has-post-thumbnail","hentry","category-opinion-analisis-columnas","category-libertad-de-expresion","tag-adela-roman-ocampo","tag-angel-irra-carceda","tag-un-rapidin"],"_links":{"self":[{"href":"https:\/\/www.acapulcopress.com\/index.php\/wp-json\/wp\/v2\/posts\/1225447","targetHints":{"allow":["GET"]}}],"collection":[{"href":"https:\/\/www.acapulcopress.com\/index.php\/wp-json\/wp\/v2\/posts"}],"about":[{"href":"https:\/\/www.acapulcopress.com\/index.php\/wp-json\/wp\/v2\/types\/post"}],"author":[{"embeddable":true,"href":"https:\/\/www.acapulcopress.com\/index.php\/wp-json\/wp\/v2\/users\/2"}],"replies":[{"embeddable":true,"href":"https:\/\/www.acapulcopress.com\/index.php\/wp-json\/wp\/v2\/comments?post=1225447"}],"version-history":[{"count":0,"href":"https:\/\/www.acapulcopress.com\/index.php\/wp-json\/wp\/v2\/posts\/1225447\/revisions"}],"wp:featuredmedia":[{"embeddable":true,"href":"https:\/\/www.acapulcopress.com\/index.php\/wp-json\/"}],"wp:attachment":[{"href":"https:\/\/www.acapulcopress.com\/index.php\/wp-json\/wp\/v2\/media?parent=1225447"}],"wp:term":[{"taxonomy":"category","embeddable":true,"href":"https:\/\/www.acapulcopress.com\/index.php\/wp-json\/wp\/v2\/categories?post=1225447"},{"taxonomy":"post_tag","embeddable":true,"href":"https:\/\/www.acapulcopress.com\/index.php\/wp-json\/wp\/v2\/tags?post=1225447"}],"curies":[{"name":"wp","href":"https:\/\/api.w.org\/{rel}","templated":true}]}}