{"id":1225454,"date":"2021-04-26T22:28:49","date_gmt":"2021-04-27T03:28:49","guid":{"rendered":"https:\/\/www.acapulcopress.com\/?p=1225454"},"modified":"2021-04-26T22:28:49","modified_gmt":"2021-04-27T03:28:49","slug":"prd-atento-a-sentencia-del-tribunal-electoral-federal-contra-felix-salgado-advierte-zambrano","status":"publish","type":"post","link":"https:\/\/www.acapulcopress.com\/index.php\/2021\/04\/26\/prd-atento-a-sentencia-del-tribunal-electoral-federal-contra-felix-salgado-advierte-zambrano\/","title":{"rendered":"PRD, atento a sentencia del Tribunal Electoral federal contra F\u00e9lix Salgado, advierte Zambrano"},"content":{"rendered":"<p style=\"text-align: justify;\">] ACAPULCO. * 26 de abril de 2021.<br \/>\n<em>| Especial.<\/em><\/p>\n<p style=\"text-align: justify;\">El presidente nacional del PRD, Jes\u00fas Zambrano Grijalva, advirti\u00f3 que este instituto pol\u00edtico est\u00e1 atento y vigila con lupa la sentencia que emitir\u00e1 el Tribunal Electoral del Poder Judicial de la Federaci\u00f3n (TEPJF), respecto a la suspensi\u00f3n definitiva o restituci\u00f3n de la candidatura de F\u00e9lix Salgado Macedonio, de Morena, a quien acus\u00f3 de ser un \u201cviolador de la ley\u201d.<\/p>\n<p style=\"text-align: justify;\">\u201cEst\u00e1 sin definirse la candidatura de nuestro principal adversario pol\u00edtico. (Observamos) si le van a regresar la candidatura pese al descr\u00e9dito de un personaje pol\u00edtico\u201d, sentenci\u00f3 Zambrano este fin de semana en entrevista, tras recorrer varios municipios de Guerrero.<\/p>\n<p style=\"text-align: justify;\">Fustig\u00f3: \u201cQuiero decirles, que no sabemos que va a resolver el Tribunal Electoral sobre la candidatura del otro individuo de esa coalici\u00f3n perversa que encabeza Morena\u201d.<\/p>\n<p style=\"text-align: justify;\">Opin\u00f3 tambi\u00e9n que Morena no tiene candidato al gobierno de Guerrero y que les \u201ctiene sin cuidado\u201d si el TEPJF le regresa o no la candidatura a Salgado Macedonio. \u201cAll\u00e1 (en Morena) hay mucha divisi\u00f3n. Con F\u00e9lix o sin F\u00e9lix les vamos a ganar\u201d, afirm\u00f3.<\/p>\n<p style=\"text-align: justify;\">Con base a su convicci\u00f3n y estrategia, afirm\u00f3 Zambrano, a quien pongan de candidato de Morena, la alianza PRI-PRD encabezada por Mario Moreno ganar\u00e1 los comicios del 6 de junio, especialmente a esa \u201cfarsa de transformaci\u00f3n\u201d.<\/p>\n<p style=\"text-align: justify;\">Agreg\u00f3 que en el partido Morena est\u00e1n pasmados porque no han podido arrancar la campa\u00f1a a la gubernatura.<\/p>\n<p>El l\u00edder nacional perredista destac\u00f3 que la alianza \u201cVa por Guerrero\u201d est\u00e1 encabezada por \u201cun hombre ya probado\u201d, en referencia al candidato, Mario Moreno Arcos, mientras que, en Morena, \u201cnos ofrecen un violador de la ley\u201d.<\/p>\n<p style=\"text-align: justify;\">Confi\u00f3 en su capacidad probada y en el cari\u00f1o que le despierta a la gente Mario Moreno; adem\u00e1s de que hizo el llamado a que el electorado tome una decisi\u00f3n inteligente y vote de manera razonada por el candidato de las propuestas, por el candidato triunfador, en clara referencia a los seis triunfos que ha logrado en las elecciones en las que ha participado.<\/p>\n","protected":false},"excerpt":{"rendered":"<p>] ACAPULCO. * 26 de abril de 2021. | Especial. El presidente nacional del PRD, Jes\u00fas Zambrano Grijalva, advirti\u00f3 que este instituto pol\u00edtico est\u00e1 atento y vigila con lupa la sentencia que emitir\u00e1 el Tribunal Electoral del Poder Judicial de la Federaci\u00f3n (TEPJF), respecto a la suspensi\u00f3n definitiva o restituci\u00f3n de la candidatura de F\u00e9lix&#8230;<\/p>\n","protected":false},"author":2,"featured_media":1225456,"comment_status":"closed","ping_status":"closed","sticky":false,"template":"","format":"standard","meta":{"footnotes":""},"categories":[1969],"tags":[8467,10764,12685,14804],"class_list":["post-1225454","post","type-post","status-publish","format-standard","has-post-thumbnail","hentry","category-trending","tag-felix-salgado-macedonio","tag-jesus-zambrano-grijalva","tag-mario-moreno-arcos","tag-prd"],"_links":{"self":[{"href":"https:\/\/www.acapulcopress.com\/index.php\/wp-json\/wp\/v2\/posts\/1225454","targetHints":{"allow":["GET"]}}],"collection":[{"href":"https:\/\/www.acapulcopress.com\/index.php\/wp-json\/wp\/v2\/posts"}],"about":[{"href":"https:\/\/www.acapulcopress.com\/index.php\/wp-json\/wp\/v2\/types\/post"}],"author":[{"embeddable":true,"href":"https:\/\/www.acapulcopress.com\/index.php\/wp-json\/wp\/v2\/users\/2"}],"replies":[{"embeddable":true,"href":"https:\/\/www.acapulcopress.com\/index.php\/wp-json\/wp\/v2\/comments?post=1225454"}],"version-history":[{"count":0,"href":"https:\/\/www.acapulcopress.com\/index.php\/wp-json\/wp\/v2\/posts\/1225454\/revisions"}],"wp:featuredmedia":[{"embeddable":true,"href":"https:\/\/www.acapulcopress.com\/index.php\/wp-json\/"}],"wp:attachment":[{"href":"https:\/\/www.acapulcopress.com\/index.php\/wp-json\/wp\/v2\/media?parent=1225454"}],"wp:term":[{"taxonomy":"category","embeddable":true,"href":"https:\/\/www.acapulcopress.com\/index.php\/wp-json\/wp\/v2\/categories?post=1225454"},{"taxonomy":"post_tag","embeddable":true,"href":"https:\/\/www.acapulcopress.com\/index.php\/wp-json\/wp\/v2\/tags?post=1225454"}],"curies":[{"name":"wp","href":"https:\/\/api.w.org\/{rel}","templated":true}]}}