{"id":1225475,"date":"2021-04-26T22:59:38","date_gmt":"2021-04-27T03:59:38","guid":{"rendered":"https:\/\/www.acapulcopress.com\/?p=1225475"},"modified":"2021-04-26T22:59:38","modified_gmt":"2021-04-27T03:59:38","slug":"tendencia-delictiva-a-la-baja-en-abril-informa-el-gobernador-astudillo","status":"publish","type":"post","link":"https:\/\/www.acapulcopress.com\/index.php\/2021\/04\/26\/tendencia-delictiva-a-la-baja-en-abril-informa-el-gobernador-astudillo\/","title":{"rendered":"Tendencia delictiva a la baja en abril, informa el Gobernador Astudillo"},"content":{"rendered":"<p style=\"text-align: justify;\"><img loading=\"lazy\" decoding=\"async\" class=\"alignnone wp-image-1225477 size-large\" src=\"https:\/\/www.acapulco.press\/wp-content\/uploads\/2021\/04\/HAF-840x559.jpg\" alt=\"\" width=\"840\" height=\"559\" \/><\/p>\n<p>] CHILPANCINGO. * 26 de abril de 2021.<br \/>\n<em>| Gobierno de Guerrero.<\/em><\/p>\n<p style=\"text-align: justify;\">Al presidir la Mesa de Coordinaci\u00f3n para la Construcci\u00f3n de la Paz, el gobernador H\u00e9ctor Astudillo Flores con mandos militares, navales y autoridades civiles, evaluaron los indicadores delictivos en el Estado y dieron seguimiento a las incidencias registradas durante el fin de semana, as\u00ed como el resultado de los operativos conjuntos desplegados para continuar reduciendo los \u00edndices que colocan a la entidad en d\u00e9cimo lugar a nivel Nacional respecto a homicidios dolosos.<\/p>\n<p>En la sesi\u00f3n virtual y presencial desde la Sala de Gabinete en Casa Guerrero, el secretario de Seguridad P\u00fablica, David Portillo Menchaca, detall\u00f3 de la incidencia delictiva registrada en el estado durante este fin de semana, as\u00ed como los \u00edndices delictivos que durante el mes se mantiene con una tendencia a la baja con un promedio de 2.76 casos de homicidios por d\u00eda.<\/p>\n<p>El Gobernador revis\u00f3 los indicadores delictivos de Guerrero y reconoci\u00f3 el trabajo de las instituciones de seguridad federales, militares y estatales, as\u00ed como las mesas regionales que ha permitido reducir actos delictivos a\u00f1o tras a\u00f1o y que actualmente se mantiene la tendencia a la durante el mes de abril, por lo que, de continuar as\u00ed, ser\u00eda el mes con menor incidencia delictiva en los \u00faltimos tiempos, mejorado las condiciones de seguridad de Guerrero.<\/p>\n<p>De acuerdo con el Secretariado Ejecutivo del Sistema Nacional de Seguridad P\u00fablica respecto al mes de marzo dentro del primer trimestre de este 2021, Guerrero logr\u00f3 avanzar al d\u00e9cimo lugar por cifras absolutas a nivel Nacional, cuando hace m\u00e1s de cinco a\u00f1os se encontraba en este ranking en el primer lugar, lo que representa que se han mejorado las condiciones de seguridad en todas las regiones del estado.<\/p>\n<p>El fiscal General del Estado, Jorge Zuriel de los Santos Barrila, detall\u00f3 que se investigan todos los hechos delictivos registrados en las \u00faltimas 24 horas y se avanza en las investigaciones de hechos anteriores, en el caso de mujeres bajo protocolos de feminicidio, indicador que en Guerrero se mantiene a la baja, al igual que en los delitos contra las mujeres como violaci\u00f3n, trata de personas y violencia familiar.<\/p>\n<p>En temas tur\u00edsticos, el secretario de Turismo, Ernesto Rodr\u00edguez Escalona, inform\u00f3 que Guerrero registr\u00f3 una alta afluencia de visitantes durante este fin de semana con una ocupaci\u00f3n hotelera por arriba del 50 por ciento en promedio en el Estado, mientras que en el tema de mar de fondo todas las autoridades estuvieron pendientes como la Marina Armada, Defensa Nacional, Protecci\u00f3n Civil, la Polic\u00eda Estatal, con un saldo blanco por este fen\u00f3meno mar\u00edtimo.<\/p>\n<p>Por su parte, el secretario de Protecci\u00f3n Civil, Marco C\u00e9sar Mayares Salvador, inform\u00f3 que se registran en el Estado un total de 16 incendios forestales activos que est\u00e1n siendo atendidos por personal de instituciones p\u00fablicas, militares y personal voluntario en municipios de Costa Grande, Tierra Caliente, Centro, Norte y La Monta\u00f1a.<\/p>\n<p>Estuvieron presentes el comandante de la Novena Regi\u00f3n Militar, Eufemio Ibarra Flores; el Secretario General de Gobierno, Florencio Salazar Adame; el Comandante de la 35 zona Militar, Miguel \u00c1ngel Aguirre Lara; el Comandante de la 27 zona Militar, Federico San Juan Rosales; el Coordinador Estatal de la Guardia Nacional, Lucio Vergara G\u00f3mez; el representante del la Octava Regi\u00f3n Naval, el Delegado Federal en Guerrero, Iv\u00e1n Hern\u00e1ndez D\u00edaz. As\u00ed como el Delegado de la FGR, Fernando Garc\u00eda Fern\u00e1ndez; el Presidente de la Comisi\u00f3n Estatal de Derechos Humanos, Ram\u00f3n Navarrete Magdaleno; el representante del Centro Nacional de Inteligencia, Juan Gabriel Sosa Pintos; el Secretario T\u00e9cnico, Hermes Teodoro Gonz\u00e1lez; el Presidente de Coparmex Chilpancingo, Joel Moreno Tem\u00e9lo y el Subsecretario de Asuntos Pol\u00edticos, Mart\u00edn Maldonado del Moral, entre otros funcionarios estatales.<\/p>\n","protected":false},"excerpt":{"rendered":"<p>] CHILPANCINGO. * 26 de abril de 2021. | Gobierno de Guerrero. Al presidir la Mesa de Coordinaci\u00f3n para la Construcci\u00f3n de la Paz, el gobernador H\u00e9ctor Astudillo Flores con mandos militares, navales y autoridades civiles, evaluaron los indicadores delictivos en el Estado y dieron seguimiento a las incidencias registradas durante el fin de semana,&#8230;<\/p>\n","protected":false},"author":2,"featured_media":1225476,"comment_status":"closed","ping_status":"closed","sticky":false,"template":"","format":"standard","meta":{"footnotes":""},"categories":[18573,1983],"tags":[8064,9705],"class_list":["post-1225475","post","type-post","status-publish","format-standard","has-post-thumbnail","hentry","category-goverment","category-guerrerogob","tag-ernesto-rodriguez-escalona","tag-hector-astudillo-flores"],"_links":{"self":[{"href":"https:\/\/www.acapulcopress.com\/index.php\/wp-json\/wp\/v2\/posts\/1225475","targetHints":{"allow":["GET"]}}],"collection":[{"href":"https:\/\/www.acapulcopress.com\/index.php\/wp-json\/wp\/v2\/posts"}],"about":[{"href":"https:\/\/www.acapulcopress.com\/index.php\/wp-json\/wp\/v2\/types\/post"}],"author":[{"embeddable":true,"href":"https:\/\/www.acapulcopress.com\/index.php\/wp-json\/wp\/v2\/users\/2"}],"replies":[{"embeddable":true,"href":"https:\/\/www.acapulcopress.com\/index.php\/wp-json\/wp\/v2\/comments?post=1225475"}],"version-history":[{"count":0,"href":"https:\/\/www.acapulcopress.com\/index.php\/wp-json\/wp\/v2\/posts\/1225475\/revisions"}],"wp:featuredmedia":[{"embeddable":true,"href":"https:\/\/www.acapulcopress.com\/index.php\/wp-json\/"}],"wp:attachment":[{"href":"https:\/\/www.acapulcopress.com\/index.php\/wp-json\/wp\/v2\/media?parent=1225475"}],"wp:term":[{"taxonomy":"category","embeddable":true,"href":"https:\/\/www.acapulcopress.com\/index.php\/wp-json\/wp\/v2\/categories?post=1225475"},{"taxonomy":"post_tag","embeddable":true,"href":"https:\/\/www.acapulcopress.com\/index.php\/wp-json\/wp\/v2\/tags?post=1225475"}],"curies":[{"name":"wp","href":"https:\/\/api.w.org\/{rel}","templated":true}]}}