{"id":1225492,"date":"2021-04-27T19:27:54","date_gmt":"2021-04-28T00:27:54","guid":{"rendered":"https:\/\/www.acapulcopress.com\/?p=1225492"},"modified":"2021-04-27T19:27:54","modified_gmt":"2021-04-28T00:27:54","slug":"definitivo-yanohaytoro-tefpjf","status":"publish","type":"post","link":"https:\/\/www.acapulcopress.com\/index.php\/2021\/04\/27\/definitivo-yanohaytoro-tefpjf\/","title":{"rendered":"Definitivo: \u00ab#YaNoHayToro\u00bb, resuelve Trife"},"content":{"rendered":"<p style=\"text-align: justify;\"><img loading=\"lazy\" decoding=\"async\" class=\"alignnone wp-image-1225494 size-large\" src=\"https:\/\/www.acapulco.press\/wp-content\/uploads\/2021\/04\/NO-HAY-TORO2-840x439.jpg\" alt=\"\" width=\"840\" height=\"439\" \/><\/p>\n<p style=\"text-align: justify;\">\u00bb Redacci\u00f3n.<br \/>\n] CIUDAD DE M\u00c9XICO. * 27 de abril de 2021.<br \/>\n<em>| Especial.<\/em><\/p>\n<p style=\"text-align: justify;\">Con 6 votos a favor y 1 en contra, el Tribunal Electoral del Poder Judicial de la Federaci\u00f3n (TEPJF) aval\u00f3 negarle el registro a F\u00e9lix Salgado Macedonio como candidato a la gubernatura de Guerrero. El TEPJF respald\u00f3 la decisi\u00f3n del Consejo General del Instituto Nacional Electoral (INE) de quitarle la candidatura a F\u00e9lix Salgado Macedonio por segunda vez.<\/p>\n<p>A partir de que el TEPJF notifique a F\u00e9lix Salgado su resoluci\u00f3n, Morena contar\u00e1 con 48 horas para reemplazar candidato al Gobierno de Guerrero.<\/p>\n<p><strong>CRONOLOG\u00cdA DE LA SESI\u00d3N\u00a0<\/strong><\/p>\n<p style=\"text-align: justify;\">El magistrado Indalfer Infante realiz\u00f3 el proyecto de resoluci\u00f3n que aval\u00f3 negarle el registro a Salgado Macedonio como candidato de Morena en Guerrero tras documentar que Salgado Macedonio tuvo una acci\u00f3n dolosa porque neg\u00f3 haber sido precandidato y no tuvo la voluntad de entregar su informe de gastos y egresos de precampa\u00f1a y fue hasta el 22 de marzo cuando se present\u00f3 un informe ante el INE sin reconocer los actos de precampa\u00f1a, dado que lo present\u00f3 en ceros.<\/p>\n<p style=\"text-align: justify;\">Por su parte, el magistrado presidente, Jos\u00e9 Luis Vargas Valdez, quien fue el \u00fanico que vot\u00f3 en contra, dijo que el Consejo del INE no dio derecho de audiencia a F\u00e9lix Salgado Macedonio y la sanci\u00f3n fue excesiva.<\/p>\n<p style=\"text-align: justify;\">\u201cLa omisi\u00f3n de presentar el informe no genera una afectaci\u00f3n pecuniaria ni un beneficio econ\u00f3mico al infractor, sino que vulnera principios constitucionales y legales en materia de fiscalizaci\u00f3n, lo que no es cuantificable en t\u00e9rminos de un perjuicio a la integridad del proceso electoral\u201d, se\u00f1al\u00f3 el magistrado Reyes Rodr\u00edguez Mondrag\u00f3n.<\/p>\n<p style=\"text-align: justify;\">Durante la discusi\u00f3n, el magistrado Felipe de la Mata Piza\u00f1a dijo que si un aspirante a alg\u00fan cargo de elecci\u00f3n popular, impide la fiscalizaci\u00f3n, la sanci\u00f3n debe ser severa.\u201dNo podemos permitir que los actores pol\u00edticos obstruyan las labores del INE pues estar\u00edamos generando un incentivo que en nada abona a la democracia ni a nuestras conciencias\u00bb, reiter\u00f3.<\/p>\n<p style=\"text-align: justify;\">En tanto, la magistrada Janine Ot\u00e1lora Malassis enfatiz\u00f3 que el derecho a ser votado no es absoluto y menos si afectan la rendici\u00f3n de cuentas.<\/p>\n<p style=\"text-align: justify;\">\u00abEl INE reclasific\u00f3 injustificadamente la conducta de culposo a doloso; su obligaci\u00f3n es no reformar para peor, es decir, que si un ciudadano viene a reclamar un derecho no termine perjudicado m\u00e1s de lo que ya estaba\u00bb, se\u00f1al\u00f3.<\/p>\n<p style=\"text-align: justify;\">Sobre el caso de Ra\u00fal Mor\u00f3n, la Sala Superior defini\u00f3 quitarle el registro a la gubernatura de Michoac\u00e1n con cinco votos a favor y dos en contra.<\/p>\n<p style=\"text-align: justify;\">En la sesi\u00f3n, la magistrada M\u00f3nica Soto mantuvo el sentido de su proyecto, al mencionar que se le deb\u00eda devolver el asunto al INE y pedirle una nueva sanci\u00f3n.<\/p>\n<p style=\"text-align: justify;\">\u201cA mi juicio no hay elementos a partir de los cuales pueda constituirse razonablemente un grado de participaci\u00f3n mayor ni una responsabilidad m\u00e1s grande del ciudadano\u00bb, defendi\u00f3 la magistrada.<\/p>\n<p style=\"text-align: justify;\">Entre los magistrados que se pronunciaron a favor de retirar la candidatura a Mor\u00f3n, estuvieron la magistrada Janine Ot\u00e1lora Malassis los magistrados Felipe Fuentes Barrera, Reyes Mondrag\u00f3n, Felipe de la Mata Piza\u00f1a y el magistrado Indalfel Infante.<\/p>\n<p style=\"text-align: justify;\">\u00abDebemos sancionar severamente conductas que rigen la contienda. Que nadie se sorprenda, tenemos antecedentes graves por impedir fiscalizaci\u00f3n\u201d, resalt\u00f3 el magistrado Felipe de la Mata Piza\u00f1a.<\/p>\n<p style=\"text-align: justify;\"><strong>\u00abHAY TORO\u00bb, RESOPLA F\u00c9LIX\u00a0<\/strong><\/p>\n<p style=\"text-align: justify;\">Tras el fallo emitido por el Tribunal Electoral del Poder Judicial de la Federaci\u00f3n (TEPJF), F\u00e9lix Salgado Macedonio convoc\u00f3 a una manifestaci\u00f3n para el mi\u00e9rcoles, a mediod\u00eda en la capital del estado.<\/p>\n<p style=\"text-align: justify;\"><em>\u00abAmigas y amigos: Nos vemos ma\u00f1ana, mi\u00e9rcoles 28 de abril, en la Alameda Granados Maldonado de <img loading=\"lazy\" decoding=\"async\" class=\"alignleft size-medium wp-image-1225497\" src=\"https:\/\/www.acapulco.press\/wp-content\/uploads\/2021\/04\/HAY-TORO-FELIX-375x223.png\" alt=\"\" width=\"375\" height=\"223\" \/>Chilpancingo a las 12 del d\u00eda. La \u00faltima palabra la dice el pueblo. Con el pueblo todo y sin el pueblo nada. Nuestro movimiento es pac\u00edfico en pie de lucha por la democracia, con la cabeza fr\u00eda y el coraz\u00f3n caliente. \u00a1Hay toro!\u00bb<\/em>, resopl\u00f3, a trav\u00e9s de su p\u00e1gina oficial de Facebook.<\/p>\n<p style=\"text-align: justify;\">Tambi\u00e9n sostuvo que a\u00fan tiene tres instancias m\u00e1s por agotar, y anunci\u00f3 que realizar\u00e1 un recorrido por todos los pueblos de Guerrero con o sin candidatura, a la vez que subray\u00f3 que respaldar\u00e1 a todos los candidatos de Morena en Guerrero.<\/p>\n<p style=\"text-align: justify;\">Del fallo dijo que se trat\u00f3 de \u201carteras violaciones a derechos humanos y pol\u00edticos\u201d, por lo que llam\u00f3 a una gran reforma para que ambos \u00f3rganos, INE e IEEPJF \u201cno existan nunca, m\u00e1s porque no resuelven apegados a derecho\u201d.<\/p>\n<p style=\"text-align: justify;\">A su vez, Mario Delgado Carrillo, dirigente nacional del partido, expres\u00f3 que \u201cla decisi\u00f3n del TEPJF es un claro golpe a nuestra democracia y a los derechos pol\u00edticos de los mexicanos a votar y ser votados. Defendamos nuestra democracia en las urnas como lo hicimos en 2018, vamos por un Partido Morena en unidad\u201d.<\/p>\n<p style=\"text-align: justify;\">La secretar\u00eda general de Morena, Citlalli Hern\u00e1ndez, calific\u00f3 como \u201clamentable que el TEPJF desestime el principio de proporcionalidad haci\u00e9ndole el juego a los consejeros del INE\u00bb, pero sostuvo que a\u00fan cuando los conservadores asuman una victoria, lo cierto es que estamos viendo un atentado a la democracia, suscribi\u00f3.<\/p>\n<p style=\"text-align: justify;\"><em>] Con informaci\u00f3n de El Sol de M\u00e9xico, SNP Noticias y La Jornada.<\/em><\/p>\n<p style=\"text-align: justify;\"><img loading=\"lazy\" decoding=\"async\" class=\"alignnone wp-image-1225495 size-large\" src=\"https:\/\/www.acapulco.press\/wp-content\/uploads\/2021\/04\/NO-HAY-TORO3-840x438.jpg\" alt=\"\" width=\"840\" height=\"438\" \/><\/p>\n","protected":false},"excerpt":{"rendered":"<p>\u00bb Redacci\u00f3n. ] CIUDAD DE M\u00c9XICO. * 27 de abril de 2021. | Especial. Con 6 votos a favor y 1 en contra, el Tribunal Electoral del Poder Judicial de la Federaci\u00f3n (TEPJF) aval\u00f3 negarle el registro a F\u00e9lix Salgado Macedonio como candidato a la gubernatura de Guerrero. El TEPJF respald\u00f3 la decisi\u00f3n del Consejo&#8230;<\/p>\n","protected":false},"author":2,"featured_media":1225493,"comment_status":"closed","ping_status":"closed","sticky":false,"template":"","format":"standard","meta":{"footnotes":""},"categories":[2053,1972,1997],"tags":[8452,8467,10115,10337,10591,11076,15309,17391],"class_list":["post-1225492","post","type-post","status-publish","format-standard","has-post-thumbnail","hentry","category-elecciones-special","category-special","category-noticias-destacadas","tag-felipe-de-la-mata-pizana","tag-felix-salgado-macedonio","tag-indalfer-infante","tag-instituto-nacional-electoral-ine","tag-janine-otalora-malassis","tag-jose-luis-vargas-valdez","tag-raul-moron-orozco","tag-tribunal-electoral-del-poder-judicial-de-la-federacion-tepjf"],"_links":{"self":[{"href":"https:\/\/www.acapulcopress.com\/index.php\/wp-json\/wp\/v2\/posts\/1225492","targetHints":{"allow":["GET"]}}],"collection":[{"href":"https:\/\/www.acapulcopress.com\/index.php\/wp-json\/wp\/v2\/posts"}],"about":[{"href":"https:\/\/www.acapulcopress.com\/index.php\/wp-json\/wp\/v2\/types\/post"}],"author":[{"embeddable":true,"href":"https:\/\/www.acapulcopress.com\/index.php\/wp-json\/wp\/v2\/users\/2"}],"replies":[{"embeddable":true,"href":"https:\/\/www.acapulcopress.com\/index.php\/wp-json\/wp\/v2\/comments?post=1225492"}],"version-history":[{"count":0,"href":"https:\/\/www.acapulcopress.com\/index.php\/wp-json\/wp\/v2\/posts\/1225492\/revisions"}],"wp:featuredmedia":[{"embeddable":true,"href":"https:\/\/www.acapulcopress.com\/index.php\/wp-json\/"}],"wp:attachment":[{"href":"https:\/\/www.acapulcopress.com\/index.php\/wp-json\/wp\/v2\/media?parent=1225492"}],"wp:term":[{"taxonomy":"category","embeddable":true,"href":"https:\/\/www.acapulcopress.com\/index.php\/wp-json\/wp\/v2\/categories?post=1225492"},{"taxonomy":"post_tag","embeddable":true,"href":"https:\/\/www.acapulcopress.com\/index.php\/wp-json\/wp\/v2\/tags?post=1225492"}],"curies":[{"name":"wp","href":"https:\/\/api.w.org\/{rel}","templated":true}]}}