{"id":1225513,"date":"2021-04-27T21:22:31","date_gmt":"2021-04-28T02:22:31","guid":{"rendered":"https:\/\/www.acapulcopress.com\/?p=1225513"},"modified":"2021-04-27T21:22:31","modified_gmt":"2021-04-28T02:22:31","slug":"estamos-listos-para-ganar-el-6-de-junio-advierte-hector-vicario","status":"publish","type":"post","link":"https:\/\/www.acapulcopress.com\/index.php\/2021\/04\/27\/estamos-listos-para-ganar-el-6-de-junio-advierte-hector-vicario\/","title":{"rendered":"Estamos listos para ganar el 6 de junio, advierte H\u00e9ctor Vicario"},"content":{"rendered":"<p style=\"text-align: justify;\"><img loading=\"lazy\" decoding=\"async\" class=\"alignnone wp-image-1225514 size-large\" src=\"https:\/\/www.acapulco.press\/wp-content\/uploads\/2021\/04\/hvc-5-840x559.jpg\" alt=\"\" width=\"840\" height=\"559\" \/><br \/>\n] HUITZUCO. * 27 de abril de 2021.<br \/>\n<em>| Acapulco.press.<\/em><\/p>\n<p style=\"text-align: justify;\">\u00abLa militancia del PRI de la colonia centro y de todo Huitzuco est\u00e1 lista\u00bb, igual que nosotros, dijo H\u00e9ctor Vicario <img loading=\"lazy\" decoding=\"async\" class=\"alignleft size-medium wp-image-1225516\" src=\"https:\/\/www.acapulco.press\/wp-content\/uploads\/2021\/04\/hvc3-3-375x212.jpg\" alt=\"\" width=\"375\" height=\"212\" \/>Castrej\u00f3n, candidato de la alianza ganadora PRI\/PRD a la Diputaci\u00f3n local por el Distrito 23 de Guerrero.<\/p>\n<p style=\"text-align: justify;\">Vicario Castrej\u00f3n dijo que en el proyecto de la alianza hay unidad y experiencia y tambi\u00e9n habr\u00e1 resultados.<\/p>\n<p style=\"text-align: justify;\">\u00abVamos a ganar este 6 de junio, junto al Ing. H\u00e9ctor Ocampo Arcos\u00bb, candidato a presidente municipal de Huitzuco, suscribi\u00f3 H\u00e9ctor Vicario.<\/p>\n<p style=\"text-align: justify;\"><em>\u00ab#VamosADarle<\/em><br \/>\n<em>#GobernandoEnSerio<\/em><\/p>\n<p><img loading=\"lazy\" decoding=\"async\" class=\"alignnone wp-image-1225515 size-large\" src=\"https:\/\/www.acapulco.press\/wp-content\/uploads\/2021\/04\/hvc2-3-840x559.jpg\" alt=\"\" width=\"840\" height=\"559\" \/><\/p>\n","protected":false},"excerpt":{"rendered":"<p>] HUITZUCO. * 27 de abril de 2021. | Acapulco.press. \u00abLa militancia del PRI de la colonia centro y de todo Huitzuco est\u00e1 lista\u00bb, igual que nosotros, dijo H\u00e9ctor Vicario Castrej\u00f3n, candidato de la alianza ganadora PRI\/PRD a la Diputaci\u00f3n local por el Distrito 23 de Guerrero. Vicario Castrej\u00f3n dijo que en el proyecto de&#8230;<\/p>\n","protected":false},"author":2,"featured_media":1225517,"comment_status":"closed","ping_status":"closed","sticky":false,"template":"","format":"standard","meta":{"footnotes":""},"categories":[2052,18561],"tags":[3685,9727,9738,14897],"class_list":["post-1225513","post","type-post","status-publish","format-standard","has-post-thumbnail","hentry","category-elecciones","category-society-politics","tag-alianza-pri-prd-huitzuco-de-los-figueroa","tag-hector-ocampo-arcos","tag-hector-vicario-castrejon","tag-presidencia-de-huitzuco"],"_links":{"self":[{"href":"https:\/\/www.acapulcopress.com\/index.php\/wp-json\/wp\/v2\/posts\/1225513","targetHints":{"allow":["GET"]}}],"collection":[{"href":"https:\/\/www.acapulcopress.com\/index.php\/wp-json\/wp\/v2\/posts"}],"about":[{"href":"https:\/\/www.acapulcopress.com\/index.php\/wp-json\/wp\/v2\/types\/post"}],"author":[{"embeddable":true,"href":"https:\/\/www.acapulcopress.com\/index.php\/wp-json\/wp\/v2\/users\/2"}],"replies":[{"embeddable":true,"href":"https:\/\/www.acapulcopress.com\/index.php\/wp-json\/wp\/v2\/comments?post=1225513"}],"version-history":[{"count":0,"href":"https:\/\/www.acapulcopress.com\/index.php\/wp-json\/wp\/v2\/posts\/1225513\/revisions"}],"wp:featuredmedia":[{"embeddable":true,"href":"https:\/\/www.acapulcopress.com\/index.php\/wp-json\/"}],"wp:attachment":[{"href":"https:\/\/www.acapulcopress.com\/index.php\/wp-json\/wp\/v2\/media?parent=1225513"}],"wp:term":[{"taxonomy":"category","embeddable":true,"href":"https:\/\/www.acapulcopress.com\/index.php\/wp-json\/wp\/v2\/categories?post=1225513"},{"taxonomy":"post_tag","embeddable":true,"href":"https:\/\/www.acapulcopress.com\/index.php\/wp-json\/wp\/v2\/tags?post=1225513"}],"curies":[{"name":"wp","href":"https:\/\/api.w.org\/{rel}","templated":true}]}}