{"id":1225553,"date":"2021-04-27T22:25:53","date_gmt":"2021-04-28T03:25:53","guid":{"rendered":"https:\/\/www.acapulcopress.com\/?p=1225553"},"modified":"2021-04-27T22:25:53","modified_gmt":"2021-04-28T03:25:53","slug":"trife-cumplimento-el-marco-legal-al-cancelar-registro-de-felix-salgado-hector-apreza","status":"publish","type":"post","link":"https:\/\/www.acapulcopress.com\/index.php\/2021\/04\/27\/trife-cumplimento-el-marco-legal-al-cancelar-registro-de-felix-salgado-hector-apreza\/","title":{"rendered":"Trife cumpliment\u00f3 el marco legal al cancelar registro de F\u00e9lix Salgado | H\u00e9ctor Apreza"},"content":{"rendered":"<p style=\"text-align: justify;\">] ACAPULCO. * 27 de abril de 2021.<br \/>\n<em>| Especial.<\/em><\/p>\n<figure id=\"attachment_1225554\" aria-describedby=\"caption-attachment-1225554\" style=\"width: 375px\" class=\"wp-caption alignleft\"><img loading=\"lazy\" decoding=\"async\" class=\"wp-image-1225554 size-medium\" src=\"https:\/\/www.acapulco.press\/wp-content\/uploads\/2021\/04\/aprezahector-375x315.jpg\" alt=\"\" width=\"375\" height=\"315\" \/><figcaption id=\"caption-attachment-1225554\" class=\"wp-caption-text\"><strong>H\u00e9ctor Apreza Patr\u00f3n<\/strong> | Coordinador de Campa\u00f1a de Mario Moreno Arcos.<\/figcaption><\/figure>\n<p style=\"text-align: justify;\">H\u00e9ctor Apreza Patr\u00f3n, coordinador de campa\u00f1a del candidato a gobernador del PRI-PRD, Mario Moreno Arcos, afirm\u00f3 que este martes el Tribunal Electoral del Poder Judicial de la Federaci\u00f3n (TEPJF) resolvi\u00f3 con \u201crespeto al marco legal\u201d, al confirmar la cancelaci\u00f3n del registro de F\u00e9lix Salgado Macedonio, del partido Morena.<\/p>\n<p style=\"text-align: justify;\">\u201cEl respeto al estado de derecho, es la base, la convivencia arm\u00f3nica de una sociedad, manifest\u00f3 esta tarde tras conocerse el fallo del \u00f3rgano jurisdiccional, cuya sentencia fue aprobada por 6 votos a favor y 1 en contra.<\/p>\n<p style=\"text-align: justify;\">Apreza expuso que el TEPJF actu\u00f3 \u201ccon respeto al marco legal que nos rige\u201d, en relaci\u00f3n a impugnaciones presentadas por ciudadanos de diversas partes del pa\u00eds.<\/p>\n<p style=\"text-align: justify;\">\u201cEso es lo que las instituciones deben hacer, apegarse al marco legal, eso da certeza y consolida la democracia\u201d, insisti\u00f3 el coordinador de campa\u00f1a de Mario Moreno, candidato a gobernador de la alianza \u201cVa por Guerrero\u201d.<\/p>\n<p style=\"text-align: justify;\">Asegur\u00f3 tambi\u00e9n que el PRI respetar\u00e1 siempre las instituciones, sobre todo porque han sido producto de una larga lucha democr\u00e1tica que consolida la gobernabilidad, \u201cbienvenida la aplicaci\u00f3n de la ley\u201d.<\/p>\n","protected":false},"excerpt":{"rendered":"<p>] ACAPULCO. * 27 de abril de 2021. | Especial. H\u00e9ctor Apreza Patr\u00f3n, coordinador de campa\u00f1a del candidato a gobernador del PRI-PRD, Mario Moreno Arcos, afirm\u00f3 que este martes el Tribunal Electoral del Poder Judicial de la Federaci\u00f3n (TEPJF) resolvi\u00f3 con \u201crespeto al marco legal\u201d, al confirmar la cancelaci\u00f3n del registro de F\u00e9lix Salgado Macedonio,&#8230;<\/p>\n","protected":false},"author":2,"featured_media":1225555,"comment_status":"closed","ping_status":"closed","sticky":false,"template":"","format":"standard","meta":{"footnotes":""},"categories":[2053,1972],"tags":[9702,12685,17391,17411],"class_list":["post-1225553","post","type-post","status-publish","format-standard","has-post-thumbnail","hentry","category-elecciones-special","category-special","tag-hector-apreza-patron","tag-mario-moreno-arcos","tag-tribunal-electoral-del-poder-judicial-de-la-federacion-tepjf","tag-trife"],"_links":{"self":[{"href":"https:\/\/www.acapulcopress.com\/index.php\/wp-json\/wp\/v2\/posts\/1225553","targetHints":{"allow":["GET"]}}],"collection":[{"href":"https:\/\/www.acapulcopress.com\/index.php\/wp-json\/wp\/v2\/posts"}],"about":[{"href":"https:\/\/www.acapulcopress.com\/index.php\/wp-json\/wp\/v2\/types\/post"}],"author":[{"embeddable":true,"href":"https:\/\/www.acapulcopress.com\/index.php\/wp-json\/wp\/v2\/users\/2"}],"replies":[{"embeddable":true,"href":"https:\/\/www.acapulcopress.com\/index.php\/wp-json\/wp\/v2\/comments?post=1225553"}],"version-history":[{"count":0,"href":"https:\/\/www.acapulcopress.com\/index.php\/wp-json\/wp\/v2\/posts\/1225553\/revisions"}],"wp:featuredmedia":[{"embeddable":true,"href":"https:\/\/www.acapulcopress.com\/index.php\/wp-json\/"}],"wp:attachment":[{"href":"https:\/\/www.acapulcopress.com\/index.php\/wp-json\/wp\/v2\/media?parent=1225553"}],"wp:term":[{"taxonomy":"category","embeddable":true,"href":"https:\/\/www.acapulcopress.com\/index.php\/wp-json\/wp\/v2\/categories?post=1225553"},{"taxonomy":"post_tag","embeddable":true,"href":"https:\/\/www.acapulcopress.com\/index.php\/wp-json\/wp\/v2\/tags?post=1225553"}],"curies":[{"name":"wp","href":"https:\/\/api.w.org\/{rel}","templated":true}]}}