{"id":1225602,"date":"2021-04-28T11:45:34","date_gmt":"2021-04-28T16:45:34","guid":{"rendered":"https:\/\/www.acapulcopress.com\/?p=1225602"},"modified":"2021-04-28T11:45:34","modified_gmt":"2021-04-28T16:45:34","slug":"fallo-de-trife-contra-felix-acto-de-provocacion-y-golpe-a-la-democracia-amlo","status":"publish","type":"post","link":"https:\/\/www.acapulcopress.com\/index.php\/2021\/04\/28\/fallo-de-trife-contra-felix-acto-de-provocacion-y-golpe-a-la-democracia-amlo\/","title":{"rendered":"Fallo de Trife contra F\u00e9lix, acto de provocaci\u00f3n y golpe a la democracia | AMLO"},"content":{"rendered":"<p style=\"text-align: justify;\">] PALACIO NACIONAL. &#8216; 28 de abril de 2021.<br \/>\n<em>) <a href=\"https:\/\/latinus.us\/2021\/04\/28\/acto-provocacion-golpe-a-democracia-fallo-tepjf-caso-salgado-moron-dice-amlo\/\" target=\"_blank\" rel=\"noopener\">Latinus\/<\/a>Efe.<\/em><\/p>\n<p style=\"text-align: justify;\">El presidente de M\u00e9xico, Andr\u00e9s Manuel L\u00f3pez Obrador, asegur\u00f3 que el retiro de las candidaturas de F\u00e9lix Salgado Macedonio y Ra\u00fal Mor\u00f3n a las gubernaturas de Guerrero y Michoac\u00e1n es un \u201cacto de provocaci\u00f3n\u201d y un \u201cgolpe a la incipiente democracia mexicana\u201d.<\/p>\n<p style=\"text-align: justify;\">Este mi\u00e9rcoles, en su conferencia matutina, el mandatario dijo que el fallo del Tribunal Electoral del Poder Judicial de la Federaci\u00f3n (TEPJF), que ratific\u00f3 la decisi\u00f3n del Instituto Nacional Electoral (INE), no tiene justificaci\u00f3n.<\/p>\n<p style=\"text-align: justify;\">\u201cEso no tiene ninguna justificaci\u00f3n, repito, se me hace excesivo, adem\u00e1s antidemocr\u00e1tico, por eso hablo de que fue un golpe a la democracia, porque la democracia es el respetar la voluntad del pueblo en la democracia es el pueblo el que decide, el que manda\u201d.<\/p>\n<p style=\"text-align: justify;\">Ayer, el TEPJF ratific\u00f3 este martes la decisi\u00f3n del INE de retirar la candidatura de Salgado Macedonio a la gubernatura de Guerrero y a Ra\u00fal Mor\u00f3n al gobierno de Michoac\u00e1n por el partido Morena. Los magistrados avalaron el proyecto con seis votos a favor y uno en contra y desecharon la impugnaci\u00f3n de Salgado, por lo que Morena deber\u00e1 sustituir a su candidato en 48 horas.<\/p>\n<p style=\"text-align: justify;\">Ante ello, el presidente L\u00f3pez Obrador afirm\u00f3 que a ambos candidatos se les quit\u00f3 su \u201cderecho a elegir\u201d.<\/p>\n<p style=\"text-align: justify;\">\u201cTanto los consejeros del INE como los magistrados del tribunal actuaron de manera antidemocr\u00e1tica, y esto se <img loading=\"lazy\" decoding=\"async\" class=\"alignleft size-medium wp-image-1225612\" src=\"https:\/\/www.acapulco.press\/wp-content\/uploads\/2021\/04\/TORITOOO-1-375x202.jpg\" alt=\"\" width=\"375\" height=\"202\" \/>explica porque estos organismos como otros vienen del antiguo r\u00e9gimen antidemocr\u00e1tico\u201d, afirm\u00f3 el mandatario.<\/p>\n<p style=\"text-align: justify;\">La decisi\u00f3n del TEPJF ratific\u00f3 la sanci\u00f3n del INE contra ambos candidatos, misma que se impuso debido a que los aspirantes no presentaron los gastos de su precampa\u00f1a, como lo marca la ley. Ante esto, el presidente L\u00f3pez Obrador minimiz\u00f3 la raz\u00f3n por la que se les retir\u00f3 la candidatura.<\/p>\n<p style=\"text-align: justify;\">\u201cNo es posible, no tiene justificaci\u00f3n alguna el que por no comprobar, supuestamente, un gasto de precampa\u00f1a. En un gasto de 14 mil pesos en Michoac\u00e1n, y de 19 mil pesos que se le atribuye que no comprob\u00f3 el precandidato de Guerrero, se les cancele el registro para participar\u201d, dijo.<\/p>\n<p style=\"text-align: justify;\">Ayer, en una entrevista para Efe, el consejero presidente del INE, Lorenzo C\u00f3rdova, afirm\u00f3 que con la decisi\u00f3n del TEPJF \u201cse constata por la m\u00e1xima autoridad en la materia no s\u00f3lo la legalidad sino la constitucionalidad de las decisiones del INE\u201c.<\/p>\n<p><code><iframe loading=\"lazy\" style=\"border: none; overflow: hidden;\" src=\"https:\/\/www.facebook.com\/plugins\/video.php?height=314&amp;href=https%3A%2F%2Fwww.facebook.com%2Fangelblanco.press%2Fvideos%2F2873233426270647%2F&amp;show_text=false&amp;width=560\" width=\"560\" height=\"314\" frameborder=\"0\" scrolling=\"no\" allowfullscreen=\"allowfullscreen\"><\/iframe><\/code><\/p>\n","protected":false},"excerpt":{"rendered":"<p>] PALACIO NACIONAL. &#8216; 28 de abril de 2021. ) Latinus\/Efe. El presidente de M\u00e9xico, Andr\u00e9s Manuel L\u00f3pez Obrador, asegur\u00f3 que el retiro de las candidaturas de F\u00e9lix Salgado Macedonio y Ra\u00fal Mor\u00f3n a las gubernaturas de Guerrero y Michoac\u00e1n es un \u201cacto de provocaci\u00f3n\u201d y un \u201cgolpe a la incipiente democracia mexicana\u201d. Este mi\u00e9rcoles,&#8230;<\/p>\n","protected":false},"author":2,"featured_media":1225604,"comment_status":"closed","ping_status":"closed","sticky":false,"template":"","format":"video","meta":{"footnotes":""},"categories":[1969],"tags":[3896,8467,10337,17391],"class_list":["post-1225602","post","type-post","status-publish","format-video","has-post-thumbnail","hentry","category-trending","tag-andres-manuel-lopez-obrador","tag-felix-salgado-macedonio","tag-instituto-nacional-electoral-ine","tag-tribunal-electoral-del-poder-judicial-de-la-federacion-tepjf","post_format-post-format-video"],"_links":{"self":[{"href":"https:\/\/www.acapulcopress.com\/index.php\/wp-json\/wp\/v2\/posts\/1225602","targetHints":{"allow":["GET"]}}],"collection":[{"href":"https:\/\/www.acapulcopress.com\/index.php\/wp-json\/wp\/v2\/posts"}],"about":[{"href":"https:\/\/www.acapulcopress.com\/index.php\/wp-json\/wp\/v2\/types\/post"}],"author":[{"embeddable":true,"href":"https:\/\/www.acapulcopress.com\/index.php\/wp-json\/wp\/v2\/users\/2"}],"replies":[{"embeddable":true,"href":"https:\/\/www.acapulcopress.com\/index.php\/wp-json\/wp\/v2\/comments?post=1225602"}],"version-history":[{"count":0,"href":"https:\/\/www.acapulcopress.com\/index.php\/wp-json\/wp\/v2\/posts\/1225602\/revisions"}],"wp:featuredmedia":[{"embeddable":true,"href":"https:\/\/www.acapulcopress.com\/index.php\/wp-json\/"}],"wp:attachment":[{"href":"https:\/\/www.acapulcopress.com\/index.php\/wp-json\/wp\/v2\/media?parent=1225602"}],"wp:term":[{"taxonomy":"category","embeddable":true,"href":"https:\/\/www.acapulcopress.com\/index.php\/wp-json\/wp\/v2\/categories?post=1225602"},{"taxonomy":"post_tag","embeddable":true,"href":"https:\/\/www.acapulcopress.com\/index.php\/wp-json\/wp\/v2\/tags?post=1225602"}],"curies":[{"name":"wp","href":"https:\/\/api.w.org\/{rel}","templated":true}]}}