{"id":1225611,"date":"2021-04-28T13:34:14","date_gmt":"2021-04-28T18:34:14","guid":{"rendered":"https:\/\/www.acapulcopress.com\/?p=1225611"},"modified":"2021-04-28T13:34:14","modified_gmt":"2021-04-28T18:34:14","slug":"procedentes-de-belgica-esta-semana-llegan-3-millones-de-vacunas-anticovid","status":"publish","type":"post","link":"https:\/\/www.acapulcopress.com\/index.php\/2021\/04\/28\/procedentes-de-belgica-esta-semana-llegan-3-millones-de-vacunas-anticovid\/","title":{"rendered":"Procedentes de B\u00e9lgica, esta semana llegan 3 millones de vacunas antiCovid"},"content":{"rendered":"<p style=\"text-align: justify;\">] PALACIO NACIONAL. &#8216; 28 de abril de 2021.<br \/>\n<em>) Gobiernno de M\u00e9xico.<\/em><\/p>\n<p style=\"text-align: justify;\">El presidente Andr\u00e9s Manuel L\u00f3pez Obrador inform\u00f3 que en el transcurso de esta semana llegar\u00e1n a M\u00e9xico 2 millones 10 mil 840 dosis de vacunas Pfizer.<\/p>\n<p style=\"text-align: justify;\">En conferencia de prensa matutina atestigu\u00f3 el arribo a la Ciudad de M\u00e9xico del embarque n\u00famero 40 de ese laboratorio con 487 mil 500 dosis procedentes de B\u00e9lgica. De esta manera ya suman 22 millones 598 mil 385 dosis de vacunas recibidas en el pa\u00eds.<\/p>\n<p style=\"text-align: justify;\">De acuerdo con informaci\u00f3n de la Secretar\u00eda de Salud, en los siguientes d\u00edas habr\u00e1 una liberaci\u00f3n por parte de la Comisi\u00f3n Federal para la Protecci\u00f3n contra Riesgos Sanitarios (COFEPRIS) de 488 mil 470 dosis de CanSino y se recibir\u00e1n 800 mil de la vacuna Sputnik V, lo que har\u00e1 un total de 3 millones 299 mil 310 dosis antes del 1 de mayo.<\/p>\n<p style=\"text-align: justify;\">El jefe del Ejecutivo destac\u00f3 que ya est\u00e1 abierto el registro de personas de 50 a 59 a\u00f1os para vacunarse contra COVID-19 en la p\u00e1gina mivacuna.salud.gob.mx.<\/p>\n<p style=\"text-align: justify;\">Ayer se habilit\u00f3 la plataforma y al d\u00eda de hoy se han registrado 2 millones 300 mil personas, detall\u00f3 el subsecretario de Prevenci\u00f3n y Promoci\u00f3n de la Salud, Hugo L\u00f3pez-Gatell Ram\u00edrez.<\/p>\n<p style=\"text-align: justify;\">\u201cRecordar que el registro no determina el orden de aplicaci\u00f3n pero s\u00ed es muy importante registrarse porque ayuda a planear la aplicaci\u00f3n de la vacuna\u201d, apunt\u00f3.<\/p>\n<p style=\"text-align: justify;\">Agreg\u00f3 que se espera vacunar al menos a 9 millones de personas de esa d\u00e9cada de edad \u201casumiendo que hay personas que en su momento no van a querer ser vacunadas pero si se deciden a vacunarse son bienvenidas y tenemos vacunas suficientes para ponerlas. La cifra censal es un poco m\u00e1s de 11 millones de personas que tenemos de 50 a 59 a\u00f1os de edad, nosotros sabemos que al menos 9 millones y medio ser\u00e1n vacunadas pero si llegamos a los 11 millones, excelente, es lo ideal, el gobierno est\u00e1 preparado para esta cantidad de vacunas\u201d.<\/p>\n<p style=\"text-align: justify;\">El subsecretario afirm\u00f3 que el Plan Nacional de Vacunaci\u00f3n, universal y gratuito, avanza conforme a lo esperado. El 27 de abril se registraron 292 mil 988 dosis aplicadas de vacunas contra COVID-19. Desde el inicio del Plan Nacional de Vacunaci\u00f3n, ya suman 16 millones 985 mil 391 dosis aplicadas en M\u00e9xico.<\/p>\n<p style=\"text-align: justify;\">Aclar\u00f3 que las personas de 60 a\u00f1os y m\u00e1s que por alguna raz\u00f3n no se vacunaron en el turno que les correspond\u00eda, todav\u00eda pueden acudir a los centros instalados en los municipios para protegerse del virus SARS-CoV-2.<\/p>\n<p style=\"text-align: justify;\">Indic\u00f3 que se recomienda a las personas que ya tuvieron COVID-19 recibir la vacuna despu\u00e9s de 30 d\u00edas de haber superado la infecci\u00f3n. Al mismo tiempo, el presidente L\u00f3pez Obrador recomend\u00f3 a las personas practicar ejercicio f\u00edsico y alimentarse de forma saludable.<\/p>\n","protected":false},"excerpt":{"rendered":"<p>] PALACIO NACIONAL. &#8216; 28 de abril de 2021. ) Gobiernno de M\u00e9xico. El presidente Andr\u00e9s Manuel L\u00f3pez Obrador inform\u00f3 que en el transcurso de esta semana llegar\u00e1n a M\u00e9xico 2 millones 10 mil 840 dosis de vacunas Pfizer. En conferencia de prensa matutina atestigu\u00f3 el arribo a la Ciudad de M\u00e9xico del embarque n\u00famero&#8230;<\/p>\n","protected":false},"author":2,"featured_media":1225603,"comment_status":"closed","ping_status":"closed","sticky":false,"template":"","format":"standard","meta":{"footnotes":""},"categories":[1972,18574],"tags":[3793,14629,17728,17739,17742],"class_list":["post-1225611","post","type-post","status-publish","format-standard","has-post-thumbnail","hentry","category-special","category-gobierno-la-foto","tag-amlo","tag-plan-nacional-de-vacunacion","tag-vacuna-covid19","tag-vacuna-pfizer-covid19","tag-vacuna-sputnik-v"],"_links":{"self":[{"href":"https:\/\/www.acapulcopress.com\/index.php\/wp-json\/wp\/v2\/posts\/1225611","targetHints":{"allow":["GET"]}}],"collection":[{"href":"https:\/\/www.acapulcopress.com\/index.php\/wp-json\/wp\/v2\/posts"}],"about":[{"href":"https:\/\/www.acapulcopress.com\/index.php\/wp-json\/wp\/v2\/types\/post"}],"author":[{"embeddable":true,"href":"https:\/\/www.acapulcopress.com\/index.php\/wp-json\/wp\/v2\/users\/2"}],"replies":[{"embeddable":true,"href":"https:\/\/www.acapulcopress.com\/index.php\/wp-json\/wp\/v2\/comments?post=1225611"}],"version-history":[{"count":0,"href":"https:\/\/www.acapulcopress.com\/index.php\/wp-json\/wp\/v2\/posts\/1225611\/revisions"}],"wp:featuredmedia":[{"embeddable":true,"href":"https:\/\/www.acapulcopress.com\/index.php\/wp-json\/"}],"wp:attachment":[{"href":"https:\/\/www.acapulcopress.com\/index.php\/wp-json\/wp\/v2\/media?parent=1225611"}],"wp:term":[{"taxonomy":"category","embeddable":true,"href":"https:\/\/www.acapulcopress.com\/index.php\/wp-json\/wp\/v2\/categories?post=1225611"},{"taxonomy":"post_tag","embeddable":true,"href":"https:\/\/www.acapulcopress.com\/index.php\/wp-json\/wp\/v2\/tags?post=1225611"}],"curies":[{"name":"wp","href":"https:\/\/api.w.org\/{rel}","templated":true}]}}