{"id":1225626,"date":"2021-04-28T14:30:39","date_gmt":"2021-04-28T19:30:39","guid":{"rendered":"https:\/\/www.acapulcopress.com\/?p=1225626"},"modified":"2021-04-28T14:30:39","modified_gmt":"2021-04-28T19:30:39","slug":"primer-debate-publico-entre-las-candidatas-y-candidatos-al-cargo-de-gubernatura-de-guerrero","status":"publish","type":"post","link":"https:\/\/www.acapulcopress.com\/index.php\/2021\/04\/28\/primer-debate-publico-entre-las-candidatas-y-candidatos-al-cargo-de-gubernatura-de-guerrero\/","title":{"rendered":"Primer debate p\u00fablico entre las candidatas y candidatos al cargo de gubernatura de Guerrero"},"content":{"rendered":"<blockquote>\n<p style=\"text-align: justify;\"><strong>\u00bfCuantos debates habr\u00e1 durante el periodo de campa\u00f1a?<\/strong><\/p>\n<\/blockquote>\n<p style=\"text-align: justify;\">El art\u00edculo 290 de la Ley Electoral Local, dispone que el Consejo General del Instituto Electoral y de Participaci\u00f3n Ciudadana del Estado de Guerrero, organizar\u00e1 dos debates obligatorios entre las candidaturas a la Gubernatura del Estado, y promover\u00e1 la celebraci\u00f3n de debates entre candidaturas a Diputaciones Locales y Presidencias Municipales.<\/p>\n<p>&nbsp;<\/p>\n<blockquote>\n<p style=\"text-align: justify;\"><strong>\u00bfSolo el IEPC Guerrero puede organizar debates?<\/strong><\/p>\n<\/blockquote>\n<p style=\"text-align: justify;\">En t\u00e9rminos del art\u00edculo 290, p\u00e1rrafo tercero, de la Ley n\u00famero 483 de Instituciones y Procedimientos Electorales del Estado de Guerrero, los medios de comunicaci\u00f3n nacionales y locales podr\u00e1n organizar libremente debates entre candidatos, siempre y cuando cumplan con los siguientes requisitos:<\/p>\n<ul>\n<li style=\"text-align: justify;\">Se comuniquen con el Instituto Electoral<\/li>\n<li style=\"text-align: justify;\">Participen por lo menos dos candidatos de la misma elecci\u00f3n<\/li>\n<li style=\"text-align: justify;\">Se establezcan condiciones de equidad en el formato<\/li>\n<\/ul>\n<p>&nbsp;<\/p>\n<p style=\"text-align: justify;\">La transmisi\u00f3n de los debates por los medios de comunicaci\u00f3n ser\u00e1 gratuita y se llevar\u00e1 a cabo de forma \u00edntegra y sin alterar los contenidos. La no asistencia de uno o m\u00e1s de los candidatos invitados a estos debates no ser\u00e1 causa para la no realizaci\u00f3n del mismo.<\/p>\n<p>&nbsp;<\/p>\n<p style=\"text-align: right;\"><em>Fuente: http:\/\/iepcgro.mx\/proceso2021\/main\/debates_publicos<\/em><\/p>\n","protected":false},"excerpt":{"rendered":"<p>\u00bfCuantos debates habr\u00e1 durante el periodo de campa\u00f1a? El art\u00edculo 290 de la Ley Electoral Local, dispone que el Consejo General del Instituto Electoral y de Participaci\u00f3n Ciudadana del Estado de Guerrero, organizar\u00e1 dos debates obligatorios entre las candidaturas a la Gubernatura del Estado, y promover\u00e1 la celebraci\u00f3n de debates entre candidaturas a Diputaciones Locales&#8230;<\/p>\n","protected":false},"author":2,"featured_media":1225631,"comment_status":"closed","ping_status":"closed","sticky":false,"template":"","format":"video","meta":{"footnotes":""},"categories":[1972],"tags":[],"class_list":["post-1225626","post","type-post","status-publish","format-video","has-post-thumbnail","hentry","category-special","post_format-post-format-video"],"_links":{"self":[{"href":"https:\/\/www.acapulcopress.com\/index.php\/wp-json\/wp\/v2\/posts\/1225626","targetHints":{"allow":["GET"]}}],"collection":[{"href":"https:\/\/www.acapulcopress.com\/index.php\/wp-json\/wp\/v2\/posts"}],"about":[{"href":"https:\/\/www.acapulcopress.com\/index.php\/wp-json\/wp\/v2\/types\/post"}],"author":[{"embeddable":true,"href":"https:\/\/www.acapulcopress.com\/index.php\/wp-json\/wp\/v2\/users\/2"}],"replies":[{"embeddable":true,"href":"https:\/\/www.acapulcopress.com\/index.php\/wp-json\/wp\/v2\/comments?post=1225626"}],"version-history":[{"count":0,"href":"https:\/\/www.acapulcopress.com\/index.php\/wp-json\/wp\/v2\/posts\/1225626\/revisions"}],"wp:featuredmedia":[{"embeddable":true,"href":"https:\/\/www.acapulcopress.com\/index.php\/wp-json\/"}],"wp:attachment":[{"href":"https:\/\/www.acapulcopress.com\/index.php\/wp-json\/wp\/v2\/media?parent=1225626"}],"wp:term":[{"taxonomy":"category","embeddable":true,"href":"https:\/\/www.acapulcopress.com\/index.php\/wp-json\/wp\/v2\/categories?post=1225626"},{"taxonomy":"post_tag","embeddable":true,"href":"https:\/\/www.acapulcopress.com\/index.php\/wp-json\/wp\/v2\/tags?post=1225626"}],"curies":[{"name":"wp","href":"https:\/\/api.w.org\/{rel}","templated":true}]}}