{"id":1225635,"date":"2021-04-28T18:59:47","date_gmt":"2021-04-28T23:59:47","guid":{"rendered":"https:\/\/www.acapulcopress.com\/?p=1225635"},"modified":"2021-04-28T18:59:47","modified_gmt":"2021-04-28T23:59:47","slug":"con-la-decision-del-tepjf-nadie-perdio-ganaron-los-guerrerenses-mario-moreno","status":"publish","type":"post","link":"https:\/\/www.acapulcopress.com\/index.php\/2021\/04\/28\/con-la-decision-del-tepjf-nadie-perdio-ganaron-los-guerrerenses-mario-moreno\/","title":{"rendered":"Con la decisi\u00f3n del TEPJF \u201dnadie perdi\u00f3, ganaron los Guerrerenses\u201d | Mario Moreno"},"content":{"rendered":"<p style=\"text-align: justify;\">] TELEF\u00d3RMULA. &#8216; 28 de abril de 2021.<br \/>\n<em>) Especial.<\/em><\/p>\n<p style=\"text-align: justify;\">El candidato a gobernador de la alianza PRI-PRD, Mario Moreno Arcos, asegur\u00f3 que \u201cnadie perdi\u00f3, gan\u00f3 la democracia, el respeto a la ley, ganaron los guerrerenses\u201d, en referencia a la decisi\u00f3n del Tribunal Electoral del Poder Judicial de la Federaci\u00f3n que retir\u00f3 la candidatura al morenista F\u00e9lix Salgado.<\/p>\n<p style=\"text-align: justify;\">Entrevistado v\u00eda telef\u00f3nica por Joaqu\u00edn Lopez D\u00f3riga -horas previas al Primer Debate- destac\u00f3 que el tema de los programas sociales que el gobierno federal desapareci\u00f3 en la entidad, es un problema que \u201cle duele a Guerrero\u201d.<\/p>\n<p style=\"text-align: justify;\">Cuestionado sobre la postura asumida por el presidente de M\u00e9xico en el caso Guerrero y Morena, el candidato Moreno Arcos, asegur\u00f3 que no busca una confrontaci\u00f3n con el presidente de la Rep\u00fablica, Andr\u00e9s Manuel L\u00f3pez Obrador, al contrario, trabajar\u00e1 en que su relaci\u00f3n con \u00e9l, sea de la mejor manera posible e impulsar obras de alto impacto para Guerrero, adem\u00e1s de garantizar el desarrollo econ\u00f3mico y la generaci\u00f3n de empleos.<\/p>\n<p style=\"text-align: justify;\">Cuando se le pregunt\u00f3 si la intenci\u00f3n de Morena era poner un(a) Juanito(a) y despu\u00e9s cederle la gubernatura a F\u00e9lix Salgado, dijo que no estaba \u201cmetido en ese tema\u201d y que el hecho de que el ex candidato recupere su posici\u00f3n es \u201cpr\u00e1cticamente imposible\u201d.<\/p>\n<p style=\"text-align: justify;\">\u201cHay una defensa a ultranza de un partido pol\u00edtico, nosotros hoy estamos m\u00e1s metidos en el tema de Guerrero, en las necesidades, llevamos una campa\u00f1a con 53 d\u00edas de caminar con la gente, de estar cerca de la gente y conocer los problemas y no por el candidato de Morena, es un problema que ellos han arrastrado por los diferentes conflictos que ellos mismos se han generado y que traen bajo el brazo, algo que ayer decidi\u00f3 el tribunal\u201d.<\/p>\n<p style=\"text-align: justify;\">El candidato de la coalici\u00f3n PRI-PRD respondi\u00f3, a pregunta expresa de la llegada de la violencia a Acapulco en la administraci\u00f3n de F\u00e9lix Salgado que llev\u00f3 a Guerrero a los primeros lugares de inseguridad, que es algo que su partido, el PRI, a trav\u00e9s del gobernador actual, H\u00e9ctor Astudillo Flores, disminuy\u00f3.<\/p>\n<p style=\"text-align: justify;\">Mario Moreno dijo estar preparado para el debate de este mi\u00e9rcoles, al que llevar\u00e1 las propuestas que ha venido haciendo en estos 53 d\u00edas de campa\u00f1a y que van enfocadas en regresar las Estancias Infantiles, el Seguro Popular, programas como Prospera, la entrega ordenada del fertilizante, apoyos a mujeres a trav\u00e9s de Cr\u00e9ditos a la Palabra, reactivar la econom\u00eda en la entidad y obras de gran impacto que realizar\u00e1n empresas constructoras guerrerenses.<\/p>\n<div style=\"width: 1160px;\" class=\"wp-video\"><video class=\"wp-video-shortcode\" id=\"video-1225635-1\" width=\"1160\" height=\"653\" preload=\"metadata\" controls=\"controls\"><source type=\"video\/mp4\" src=\"https:\/\/www.acapulco.press\/wp-content\/uploads\/2021\/04\/Gano-la-democracia.-dice-Mario-Moreno.mp4?_=1\" \/><a href=\"https:\/\/www.acapulco.press\/wp-content\/uploads\/2021\/04\/Gano-la-democracia.-dice-Mario-Moreno.mp4\">https:\/\/www.acapulco.press\/wp-content\/uploads\/2021\/04\/Gano-la-democracia.-dice-Mario-Moreno.mp4<\/a><\/video><\/div>\n<p style=\"text-align: justify;\">\n","protected":false},"excerpt":{"rendered":"<p>] TELEF\u00d3RMULA. &#8216; 28 de abril de 2021. ) Especial. El candidato a gobernador de la alianza PRI-PRD, Mario Moreno Arcos, asegur\u00f3 que \u201cnadie perdi\u00f3, gan\u00f3 la democracia, el respeto a la ley, ganaron los guerrerenses\u201d, en referencia a la decisi\u00f3n del Tribunal Electoral del Poder Judicial de la Federaci\u00f3n que retir\u00f3 la candidatura al&#8230;<\/p>\n","protected":false},"author":2,"featured_media":1225636,"comment_status":"closed","ping_status":"closed","sticky":false,"template":"","format":"standard","meta":{"footnotes":""},"categories":[2053,1972],"tags":[2780,12685],"class_list":["post-1225635","post","type-post","status-publish","format-standard","has-post-thumbnail","hentry","category-elecciones-special","category-special","tag-mariomorenogobernador","tag-mario-moreno-arcos"],"_links":{"self":[{"href":"https:\/\/www.acapulcopress.com\/index.php\/wp-json\/wp\/v2\/posts\/1225635","targetHints":{"allow":["GET"]}}],"collection":[{"href":"https:\/\/www.acapulcopress.com\/index.php\/wp-json\/wp\/v2\/posts"}],"about":[{"href":"https:\/\/www.acapulcopress.com\/index.php\/wp-json\/wp\/v2\/types\/post"}],"author":[{"embeddable":true,"href":"https:\/\/www.acapulcopress.com\/index.php\/wp-json\/wp\/v2\/users\/2"}],"replies":[{"embeddable":true,"href":"https:\/\/www.acapulcopress.com\/index.php\/wp-json\/wp\/v2\/comments?post=1225635"}],"version-history":[{"count":0,"href":"https:\/\/www.acapulcopress.com\/index.php\/wp-json\/wp\/v2\/posts\/1225635\/revisions"}],"wp:featuredmedia":[{"embeddable":true,"href":"https:\/\/www.acapulcopress.com\/index.php\/wp-json\/"}],"wp:attachment":[{"href":"https:\/\/www.acapulcopress.com\/index.php\/wp-json\/wp\/v2\/media?parent=1225635"}],"wp:term":[{"taxonomy":"category","embeddable":true,"href":"https:\/\/www.acapulcopress.com\/index.php\/wp-json\/wp\/v2\/categories?post=1225635"},{"taxonomy":"post_tag","embeddable":true,"href":"https:\/\/www.acapulcopress.com\/index.php\/wp-json\/wp\/v2\/tags?post=1225635"}],"curies":[{"name":"wp","href":"https:\/\/api.w.org\/{rel}","templated":true}]}}