{"id":1225647,"date":"2021-04-28T21:31:58","date_gmt":"2021-04-29T02:31:58","guid":{"rendered":"https:\/\/www.acapulcopress.com\/?p=1225647"},"modified":"2021-04-28T21:31:58","modified_gmt":"2021-04-29T02:31:58","slug":"93-millones-528-mil-473-ciudadanos-integran-la-lista-nominal-de-electores-2021","status":"publish","type":"post","link":"https:\/\/www.acapulcopress.com\/index.php\/2021\/04\/28\/93-millones-528-mil-473-ciudadanos-integran-la-lista-nominal-de-electores-2021\/","title":{"rendered":"93 millones 528 mil 473 ciudadanos integran la Lista Nominal de Electores 2021"},"content":{"rendered":"<p style=\"text-align: justify;\">] CIUDAD DE M\u00c9XICO. &#8216; 28 de abril de 2021.<br \/>\n<em>) INE.<\/em><\/p>\n<p style=\"text-align: justify;\">El Consejo General del Instituto Nacional Electoral (INE) declar\u00f3 v\u00e1lidos y definitivos el Padr\u00f3n Electoral y los Listados Nominales de Electores, instrumentos con un alto grado de certeza y confiablidad, que se utilizar\u00e1n en la Jornada Electoral del pr\u00f3ximo 6 de junio.<\/p>\n<p style=\"text-align: justify;\">El Padr\u00f3n Electoral y los Listados Nominales de Electores son el resultado de los trabajos de actualizaci\u00f3n y depuraci\u00f3n que se realizan de acuerdo con la normatividad, con el acompa\u00f1amiento de las Comisiones de Vigilancia integradas por representantes de los partidos pol\u00edticos nacionales.<\/p>\n<p style=\"text-align: justify;\">En sesi\u00f3n ordinaria semipresencial, el Consejero Presidente del INE, Lorenzo C\u00f3rdova Vianello, asegur\u00f3 que, para el sistema electoral mexicano, el Padr\u00f3n Electoral no s\u00f3lo representa la base del principal documento de identidad de las y los ciudadanos mexicanos, sino que constituye la columna vertebral de la credibilidad en las elecciones y el registro que iguala a todas y todos los votantes en las urnas.<\/p>\n<p style=\"text-align: justify;\">Por ello, afirm\u00f3, \u201cno hay una sola decisi\u00f3n en la organizaci\u00f3n de la elecci\u00f3n m\u00e1s grande de la historia que pueda sustentar la pretensi\u00f3n de revivir el fantasma del fraude que se ha erradicado con la construcci\u00f3n de un sistema electoral que es motivo de orgullo y reconocimiento a nivel internacional\u201d.<\/p>\n<p style=\"text-align: justify;\"><strong>La Lista Nominal con mayor cobertura en 30 a\u00f1os<\/strong><\/p>\n<p style=\"text-align: justify;\">C\u00f3rdova Vianello enfatiz\u00f3 que el pa\u00eds va a la elecci\u00f3n del 6 de junio con la Lista Nominal con mayor cobertura en 30 a\u00f1os, ya que alcanz\u00f3 un nivel r\u00e9cord de 99.84%, que es \u201calt\u00edsima, incluso si se compara con otros pa\u00edses del continente\u201d.<\/p>\n<p style=\"text-align: justify;\">La credibilidad del Padr\u00f3n Electoral, dijo, expresa un paso fundamental en la democratizaci\u00f3n del pa\u00eds y \u201cconstituye tambi\u00e9n un triunfo de la sociedad que extrajo de las atribuciones del gobierno los instrumentos electorales y los deposit\u00f3 en una organizaci\u00f3n aut\u00f3noma para que el derecho a votar y ser votado nunca m\u00e1s dependiera de la voluntad del gobierno\u201d.<\/p>\n<p style=\"text-align: justify;\">La Consejera Carla Humphrey indic\u00f3 que los instrumentos registrales presentados fueron objeto de la permanente vigilancia de los partidos pol\u00edticos y destac\u00f3 que este a\u00f1o cuentan con la cobertura m\u00e1s alta a pesar de la pandemia, 99.84%; es decir, precis\u00f3, que de cada mil personas que solicitan su credencial, s\u00f3lo dos no la recogen.<\/p>\n<p style=\"text-align: justify;\">\u201cTenemos entonces los mejores instrumentos registrales de la historia del INE, que ser\u00e1n fundamentales para nuestra organizaci\u00f3n electoral, pero ahora tambi\u00e9n en esta coyuntura, para generar, redoblar confianza y resistir cualquier cuestionamiento, sea informado o sea interesado\u201d, advirti\u00f3.<\/p>\n<p style=\"text-align: justify;\">La Consejera Dania Ravel expuso que los trabajos realizados fueron determinantes para asegurar que no existan registros de ciudadanas y ciudadanos duplicados y que quienes se encuentran inscritos sean personas en pleno goce de sus derechos pol\u00edtico-electorales y que haya una depuraci\u00f3n correcta del Padr\u00f3n Electoral.<\/p>\n<p style=\"text-align: justify;\">El Consejero Ciro Murayama asever\u00f3 que \u201cla base de una elecci\u00f3n confiable es tener un Padr\u00f3n confiable y \u00e9sta que es una buena costumbre de la democracia mexicana, que no se explica sin un esfuerzo institucional\u201d.<\/p>\n<p style=\"text-align: justify;\">Sostuvo que, desde hace tres d\u00e9cadas, miles de personas trabajan de manera permanente en la actualizaci\u00f3n, depuraci\u00f3n y resguardo de los datos del Padr\u00f3n, por lo que \u201cpr\u00e1cticamente la tercera parte de los recursos que dispone a\u00f1o con a\u00f1o esta instituci\u00f3n se dedican justamente a la actualizaci\u00f3n del Padr\u00f3n\u201d.<\/p>\n<p style=\"text-align: justify;\"><strong>Se incluye a residentes en el exterior<\/strong><\/p>\n<p style=\"text-align: justify;\">La Consejera Norma De la Cruz destac\u00f3 que en el actual proceso electoral se utilizar\u00e1n tres listados nominales de electores que incluyen a las y los mexicanos que radican en el pa\u00eds, en el extranjero y a quienes se encuentran en condici\u00f3n de prisi\u00f3n preventiva, lo que garantiza el ejercicio de los derechos de la ciudadan\u00eda.<\/p>\n<p style=\"text-align: justify;\">El Consejero Jaime Rivera asegur\u00f3 que el Padr\u00f3n y Lista Nominal generan certeza y confianza en el desarrollo del proceso electoral en curso.<\/p>\n<p style=\"text-align: justify;\">\u201cPodemos refrendar que este proceso electoral se desenvuelve con un listado de electores muy confiable, muy completo y, como siempre ha sucedido, sujeto a una observaci\u00f3n y vigilancia por parte de los partidos y a evaluaciones por parte de especialistas\u201d, ratific\u00f3.<\/p>\n<p style=\"text-align: justify;\">Cabe mencionar que el Consejo General consider\u00f3 en su valoraci\u00f3n los siguientes insumos:<\/p>\n<p style=\"text-align: justify;\">\u00b7 La Direcci\u00f3n Ejecutiva del Registro Federal de Electores (DERFE) emiti\u00f3 el Informe del an\u00e1lisis de las observaciones que presentaron los partidos pol\u00edticos respecto de hechos y casos concretos e individualizados sobre posibles registros inscritos o excluidos indebidamente de las listas nominales.<\/p>\n<p style=\"text-align: justify;\">\u00b7 La Lista Nominal de Electores tuvo una cobertura de 99.84% respecto del Padr\u00f3n Electoral.<\/p>\n<p style=\"text-align: justify;\">\u00b7 El Consejo General aprob\u00f3 la creaci\u00f3n del Comit\u00e9 T\u00e9cnico del Padr\u00f3n Electoral, como una instancia t\u00e9cnico-cient\u00edfica para la realizaci\u00f3n de estudios a los instrumentos registrales, a fin de proporcionarle al \u00f3rgano m\u00e1ximo de direcci\u00f3n elementos objetivos para pronunciarse sobre la validez y definitividad del Padr\u00f3n Electoral y las LNE que se emplear\u00e1n en las pr\u00f3ximas elecciones del 6 de junio de 2021. El informe que present\u00f3 el Comit\u00e9 concluy\u00f3 que el Padr\u00f3n Electoral y la Lista Nominal de Electores constituyen registros confiables y v\u00e1lidos para la celebraci\u00f3n de los comicios federal y locales, esto en raz\u00f3n de la alta cobertura de los instrumentos, la precisi\u00f3n y congruencia de sus cifras y la ausencia de sesgos en su construcci\u00f3n.<\/p>\n<p style=\"text-align: justify;\">La autoridad electoral declar\u00f3 la validez y definitividad de los 93 millones 676 mil 29 registros del Padr\u00f3n Electoral y los datos de 93 millones 528 mil 473 ciudadanas y ciudadanos inscritos en la Lista Nominal de Electores, quienes podr\u00e1n votar el 6 de junio en las casillas que se instalar\u00e1n en el territorio nacional.<\/p>\n<p style=\"text-align: justify;\">La Lista Nominal de Electores Residentes en el Extranjero (LNERE) est\u00e1 conformada, a su vez, por un total de 32 mil 303 registros de ciudadanas y ciudadanos que podr\u00e1n votar en las elecciones locales de Baja California Sur, Colima, Chihuahua, Ciudad de M\u00e9xico, Guerrero, Jalisco, Michoac\u00e1n, Nayarit, Quer\u00e9taro, San Luis Potos\u00ed y Zacatecas.<\/p>\n<p style=\"text-align: justify;\">Se aprob\u00f3 la Lista Nominal de Electores en Prisi\u00f3n Preventiva que est\u00e1 integrada por 949 registros, de los cuales se trata de 148 ciudadanas y 801 ciudadanos que participar\u00e1n en la prueba piloto del Voto en Prisi\u00f3n Preventiva, derivado de la sentencia de la Sala Superior del Tribunal Electoral del Poder Judicial de la Federaci\u00f3n que reconoci\u00f3 el derecho al voto de personas en dicha situaci\u00f3n y realizar este ejercicio en 2021, en centros de reclusi\u00f3n femeniles y varoniles, con perspectiva de g\u00e9nero e interculturalidad.<\/p>\n<p style=\"text-align: justify;\"><strong>Aprueba Consejo General convocatorias para selecci\u00f3n de consejeras y consejeros<\/strong><\/p>\n<p style=\"text-align: justify;\">Durante la sesi\u00f3n ordinaria, el Consejo General tambi\u00e9n aprob\u00f3 por unanimidad en lo general las Convocatorias para la selecci\u00f3n, as\u00ed como la fecha l\u00edmite de designaci\u00f3n (29 de octubre de 2021), de las Consejeras y Consejeros Presidentes de los Organismos P\u00fablicos Locales (OPL) de Baja California Sur, Campeche, Ciudad de M\u00e9xico, Colima, Estado de M\u00e9xico, Guanajuato, Guerrero, Jalisco, Nuevo Le\u00f3n, Oaxaca, Quer\u00e9taro, San Luis Potos\u00ed, Sonora, Tabasco, Yucat\u00e1n y Zacatecas.<\/p>\n<p style=\"text-align: justify;\">Adicionalmente, aval\u00f3 las Convocatorias para consejeras y consejeros Electorales de los OPL de Aguascalientes, Baja California, Chihuahua, Coahuila, Durango, Hidalgo, Nayarit, Puebla, Quintana Roo, Sinaloa, Tamaulipas, Tlaxcala y Veracruz.<\/p>\n<p style=\"text-align: justify;\">El Consejero Jaime Rivera relat\u00f3 que en total se presentan 29 convocatorias, 16 para las y los Consejeros Presidentes de los OPL y 13 para 35 consejeros y consejeras de los organismos electorales locales.<\/p>\n<p style=\"text-align: justify;\">En esta ocasi\u00f3n, dijo, se propone establecer 11 convocatorias a presidencias de OPL exclusivas para mujeres, lo que \u201cno comparto\u201d, por lo que solicit\u00f3 realizar una votaci\u00f3n particular relativa a este aspecto.<\/p>\n<p style=\"text-align: justify;\">La Consejera Dania Ravel se pronunci\u00f3 a favor de aprovechar esta convocatoria para cumplir el anhelo de paridad de las mujeres en las presidencias de los Organismos P\u00fablicos Locales para lo cual consider\u00f3 necesario nombrar al menos 10 mujeres al frente de estos organismos.<\/p>\n<p style=\"text-align: justify;\">\u201cLas convocatorias exclusivas que se proponen emitir no son otra cosa que la formalizaci\u00f3n de ese compromiso que todas y todos hemos manifestado con el cumplimiento del principio de paridad de g\u00e9nero, dando al mismo tiempo garant\u00edas suficientes de certeza para todas las personas que quieran participar en el procedimiento\u201d, consider\u00f3.<\/p>\n<p style=\"text-align: justify;\">La Consejera Carla Humphrey estim\u00f3 que prevalece la brecha entre mujeres y hombres en los espacios directivos, por lo que solicit\u00f3 transformar en actos concretos los principios que establecen la obligaci\u00f3n de garantizar los derechos de las mujeres a integrar las autoridades electorales.<\/p>\n<p style=\"text-align: justify;\">\u201cHago un llamado a mis colegas a escuchar su intenci\u00f3n democr\u00e1tica y su apoyo a la paridad total como principio constitucional y es que resulta que los problemas de una democracia se resuelven con m\u00e1s democracia no con menos\u201d, advirti\u00f3.<\/p>\n<p style=\"text-align: justify;\">La Consejera Claudia Zavala lament\u00f3 que el principio de alternancia para las presidencias de los OPL \u00fanicamente contemple dos categor\u00edas que son hombres y mujeres, por lo que pidi\u00f3 abrir las convocatorias para toda la ciudadan\u00eda.<\/p>\n<p style=\"text-align: justify;\">\u201cLa pregunta es si el INE se va a circunscribir las convocatorias de consejeras y consejeros electorales de las Consejer\u00edas Electorales exclusivamente a esas categor\u00edas, porque nosotros mismos hemos reconocido, nosotras y nosotros, que en nuestra sociedad no s\u00f3lo existen esas categor\u00edas en los g\u00e9neros\u201d, refiri\u00f3.<\/p>\n<p style=\"text-align: justify;\">El Consejero Mart\u00edn Faz dijo que el nombramiento de quienes integran los OPL, por parte del Consejo General para acotar y eliminar la interferencia de los poderes locales a trav\u00e9s de los congresos y gobernadores es una de las medidas m\u00e1s firmes y decisivas para la implementaci\u00f3n de un sistema nacional electoral.<\/p>\n<p style=\"text-align: justify;\">\u201cNo se trata, en ning\u00fan sentido, de un acto burocratizado, meramente administrativo de este Instituto, es por excelencia una de las atribuciones m\u00e1s importantes que conllev\u00f3 la Reforma Electoral de ese a\u00f1o y que nos tiene a todos y cada uno de las consejeras y consejeros con voto de este Consejo, hoy aqu\u00ed\u201d, enfatiz\u00f3.<\/p>\n<p style=\"text-align: justify;\">El Consejero Uuc-kib Espadas indic\u00f3 que las desigualdades hist\u00f3ricas se reponen con igualdad, no con desigualdades, por lo que se manifest\u00f3 en contra de emitir convocatorias exclusivas para mujeres en la renovaci\u00f3n de las presidencias de los OPL.<\/p>\n<p style=\"text-align: justify;\">\u201cPretender que el acceso hoy a las presidencias de los OPL, por parte de mujeres, tengan como condici\u00f3n ineludible excluir de la competencia a sus pares varones, me parece que no se sustenta en la historia de las selecciones que para estos cargos ha hecho este Consejo\u201d, sentenci\u00f3.<\/p>\n<p style=\"text-align: justify;\">La Consejera Adriana Favela record\u00f3 que el Consejo General del INE busca en todo momento la integraci\u00f3n paritaria de los distintos OPL y sus presidencias, sin embargo, se pronunci\u00f3 por que en esta ocasi\u00f3n se evite ser excluyentes con los hombres.<\/p>\n<p style=\"text-align: justify;\">\u201cNo estar\u00eda de acuerdo que en las otras nueve entidades federativas fuera un concurso exclusivamente para mujeres, porque creo que, s\u00ed pudi\u00e9ramos a lo mejor, cumplir con ese n\u00famero, pero que no est\u00e9 especificado, necesariamente, que sea en determinadas entidades federativas\u201d, demand\u00f3.<\/p>\n<p style=\"text-align: justify;\"><strong>Recibe INE informes relativos a procesos electorales<\/strong><\/p>\n<p style=\"text-align: justify;\">El Consejo General dio por recibido el Informe sobre el cumplimiento y avance de las actividades establecidas en el Plan Integral y los Calendarios de Coordinaci\u00f3n de los Procesos Electorales Concurrentes Ordinarios 2020-2021 y Extraordinario de Hidalgo 2019-2020.<\/p>\n<p style=\"text-align: justify;\">El Informe reporta el desarrollo de las actividades contempladas entre el 7 y el 21 de abril del presente a\u00f1o y en \u00e9l se refiere que por vez primera, las 32 entidades federativas concurrir\u00e1n con la elecci\u00f3n federal en la misma Jornada Electoral en donde se elegir\u00e1 a los 500 integrantes de la C\u00e1mara de Diputados, a titulares de 15 gubernaturas, 30 congresos locales (integrados por mil 63 diputaciones) y 30 entidades renovar\u00e1n sus ayuntamientos, lo que equivale a elecciones en mil 923 municipios.<\/p>\n<p style=\"text-align: justify;\">Adicionalmente, la autoridad electoral dio por recibido el Octavo Informe, en cumplimiento al Art\u00edculo 144 del Reglamento de Elecciones, en Materia de Encuestas por Muestreo, Sondeos de Opini\u00f3n, Encuestas de Salida y Conteos R\u00e1pidos no Institucionales.<\/p>\n<p style=\"text-align: justify;\">El Secretario General del INE, Edmundo Jacobo coment\u00f3 que el argumento central de la regulaci\u00f3n en materia de encuestas estriba en que todos los resultados cuantitativos que hagan referencia a las preferencias o tendencias electorales del actual proceso electoral deriven de informaci\u00f3n cierta.<\/p>\n","protected":false},"excerpt":{"rendered":"<p>] CIUDAD DE M\u00c9XICO. &#8216; 28 de abril de 2021. ) INE. El Consejo General del Instituto Nacional Electoral (INE) declar\u00f3 v\u00e1lidos y definitivos el Padr\u00f3n Electoral y los Listados Nominales de Electores, instrumentos con un alto grado de certeza y confiablidad, que se utilizar\u00e1n en la Jornada Electoral del pr\u00f3ximo 6 de junio. El&#8230;<\/p>\n","protected":false},"author":2,"featured_media":1225648,"comment_status":"closed","ping_status":"closed","sticky":false,"template":"","format":"standard","meta":{"footnotes":""},"categories":[1969],"tags":[10337,12001,12058],"class_list":["post-1225647","post","type-post","status-publish","format-standard","has-post-thumbnail","hentry","category-trending","tag-instituto-nacional-electoral-ine","tag-lista-nominal-de-electores-2021","tag-lorenzo-cordova-vianello"],"_links":{"self":[{"href":"https:\/\/www.acapulcopress.com\/index.php\/wp-json\/wp\/v2\/posts\/1225647","targetHints":{"allow":["GET"]}}],"collection":[{"href":"https:\/\/www.acapulcopress.com\/index.php\/wp-json\/wp\/v2\/posts"}],"about":[{"href":"https:\/\/www.acapulcopress.com\/index.php\/wp-json\/wp\/v2\/types\/post"}],"author":[{"embeddable":true,"href":"https:\/\/www.acapulcopress.com\/index.php\/wp-json\/wp\/v2\/users\/2"}],"replies":[{"embeddable":true,"href":"https:\/\/www.acapulcopress.com\/index.php\/wp-json\/wp\/v2\/comments?post=1225647"}],"version-history":[{"count":0,"href":"https:\/\/www.acapulcopress.com\/index.php\/wp-json\/wp\/v2\/posts\/1225647\/revisions"}],"wp:featuredmedia":[{"embeddable":true,"href":"https:\/\/www.acapulcopress.com\/index.php\/wp-json\/"}],"wp:attachment":[{"href":"https:\/\/www.acapulcopress.com\/index.php\/wp-json\/wp\/v2\/media?parent=1225647"}],"wp:term":[{"taxonomy":"category","embeddable":true,"href":"https:\/\/www.acapulcopress.com\/index.php\/wp-json\/wp\/v2\/categories?post=1225647"},{"taxonomy":"post_tag","embeddable":true,"href":"https:\/\/www.acapulcopress.com\/index.php\/wp-json\/wp\/v2\/tags?post=1225647"}],"curies":[{"name":"wp","href":"https:\/\/api.w.org\/{rel}","templated":true}]}}