{"id":1225653,"date":"2021-04-28T22:29:40","date_gmt":"2021-04-29T03:29:40","guid":{"rendered":"https:\/\/www.acapulcopress.com\/?p=1225653"},"modified":"2021-04-28T22:29:40","modified_gmt":"2021-04-29T03:29:40","slug":"trabajan-hector-vicario-e-ignacio-zavaleta-para-que-a-tepecoacuilco-y-su-gente-les-vaya-mejor","status":"publish","type":"post","link":"https:\/\/www.acapulcopress.com\/index.php\/2021\/04\/28\/trabajan-hector-vicario-e-ignacio-zavaleta-para-que-a-tepecoacuilco-y-su-gente-les-vaya-mejor\/","title":{"rendered":"Trabajan H\u00e9ctor Vicario e Ignacio Zavaleta para que a Tepecoacuilco y su gente les vaya mejor"},"content":{"rendered":"<p>] TEPECOCACUILCO. &#8216; 28 de abril de 2021.<br \/>\n<em>) Especial.<\/em><\/p>\n<p style=\"text-align: justify;\">Junto a Ignacio Ocampo Zavaleta, H\u00e9ctor Vicario Castrej\u00f3n, el candidato de la coalici\u00f3n PRI\/PRD a diputado local por el Distrito 23, visit\u00f3 a sus amigas y amigos de Xalitla, donde constat\u00f3 que all\u00ed vive gente trabajadora y dispuesta a colaborar para que a las familias les vaya mejor, por tal motivo se comprometi\u00f3 a darle duro por Tepecoacuilco para que les vaya a bien a todos.<\/p>\n<p><img loading=\"lazy\" decoding=\"async\" class=\"alignnone wp-image-1225655\" src=\"https:\/\/www.acapulco.press\/wp-content\/uploads\/2021\/04\/HECTORVC2.jpg\" alt=\"\" width=\"840\" height=\"390\" \/><\/p>\n<p><em>#VamosADarle por Tepecoacuilco <\/em><br \/>\n<em>#GobernandoEnSerio<\/em><\/p>\n","protected":false},"excerpt":{"rendered":"<p>] TEPECOCACUILCO. &#8216; 28 de abril de 2021. ) Especial. Junto a Ignacio Ocampo Zavaleta, H\u00e9ctor Vicario Castrej\u00f3n, el candidato de la coalici\u00f3n PRI\/PRD a diputado local por el Distrito 23, visit\u00f3 a sus amigas y amigos de Xalitla, donde constat\u00f3 que all\u00ed vive gente trabajadora y dispuesta a colaborar para que a las familias&#8230;<\/p>\n","protected":false},"author":2,"featured_media":1225654,"comment_status":"closed","ping_status":"closed","sticky":false,"template":"","format":"standard","meta":{"footnotes":""},"categories":[2052,18561],"tags":[9738,10032,17058],"class_list":["post-1225653","post","type-post","status-publish","format-standard","has-post-thumbnail","hentry","category-elecciones","category-society-politics","tag-hector-vicario-castrejon","tag-ignacio-ocampo-zavaleta","tag-tepecoacuilco"],"_links":{"self":[{"href":"https:\/\/www.acapulcopress.com\/index.php\/wp-json\/wp\/v2\/posts\/1225653","targetHints":{"allow":["GET"]}}],"collection":[{"href":"https:\/\/www.acapulcopress.com\/index.php\/wp-json\/wp\/v2\/posts"}],"about":[{"href":"https:\/\/www.acapulcopress.com\/index.php\/wp-json\/wp\/v2\/types\/post"}],"author":[{"embeddable":true,"href":"https:\/\/www.acapulcopress.com\/index.php\/wp-json\/wp\/v2\/users\/2"}],"replies":[{"embeddable":true,"href":"https:\/\/www.acapulcopress.com\/index.php\/wp-json\/wp\/v2\/comments?post=1225653"}],"version-history":[{"count":0,"href":"https:\/\/www.acapulcopress.com\/index.php\/wp-json\/wp\/v2\/posts\/1225653\/revisions"}],"wp:featuredmedia":[{"embeddable":true,"href":"https:\/\/www.acapulcopress.com\/index.php\/wp-json\/"}],"wp:attachment":[{"href":"https:\/\/www.acapulcopress.com\/index.php\/wp-json\/wp\/v2\/media?parent=1225653"}],"wp:term":[{"taxonomy":"category","embeddable":true,"href":"https:\/\/www.acapulcopress.com\/index.php\/wp-json\/wp\/v2\/categories?post=1225653"},{"taxonomy":"post_tag","embeddable":true,"href":"https:\/\/www.acapulcopress.com\/index.php\/wp-json\/wp\/v2\/tags?post=1225653"}],"curies":[{"name":"wp","href":"https:\/\/api.w.org\/{rel}","templated":true}]}}