{"id":1225660,"date":"2021-04-28T23:23:08","date_gmt":"2021-04-29T04:23:08","guid":{"rendered":"https:\/\/www.acapulcopress.com\/?p=1225660"},"modified":"2021-04-28T23:23:08","modified_gmt":"2021-04-29T04:23:08","slug":"garantiza-mario-vida-libre-de-violencia","status":"publish","type":"post","link":"https:\/\/www.acapulcopress.com\/index.php\/2021\/04\/28\/garantiza-mario-vida-libre-de-violencia\/","title":{"rendered":"Garantiza #Mario vida libre de violencia"},"content":{"rendered":"<p style=\"text-align: justify;\">CHILPANCINGO. &#8216; 28 de abril de 2021.<br \/>\n<em>) Especial.<\/em><\/p>\n<p style=\"text-align: justify;\">Para Mario Moreno Arcos garantizar el acceso a una vida libre de violencia para las mujeres, ser\u00e1 fundamental para los pr\u00f3ximos 6 a\u00f1os de su gobierno, y as\u00ed lo reiter\u00f3 durante su participaci\u00f3n en el primer debate p\u00fablico que organiz\u00f3 <img loading=\"lazy\" decoding=\"async\" class=\"alignleft size-medium wp-image-1225664\" src=\"https:\/\/www.acapulco.press\/wp-content\/uploads\/2021\/04\/mario-gobernador-375x186.jpeg\" alt=\"\" width=\"375\" height=\"186\" \/>el Instituto Electoral y de Participaci\u00f3n Ciudadana del estado de Guerrero (IEPCGro).<\/p>\n<p style=\"text-align: justify;\">Record\u00f3 que el 7 de marzo pasado, al inicio de su campa\u00f1a, firm\u00f3 10 compromisos por las mujeres guerrerenses: \u00abfirm\u00e9 el compromiso de crear una fiscal\u00eda especializada para los delitos contra las mujeres, crear ciudades seguras, pero sobre todo algo muy importante, que les demos oportunidad a todas las mujeres de Guerrero\u201d y puedan participar activamente, enfatiz\u00f3.<\/p>\n<p style=\"text-align: justify;\">El abanderado de la coalici\u00f3n PRI-PRD, dijo que trabajar\u00e1 incansablemente para que las mujeres puedan vivir una vida libre de violencia y \u00abque puedan tener una justicia puntual y segura\u00bb.<\/p>\n<p style=\"text-align: justify;\">Respecto al tema de Igualdad de G\u00e9nero, Moreno Arcos se\u00f1al\u00f3 que a su llegada al gobierno, el 50 por ciento de los cargos dentro de la administraci\u00f3n p\u00fablica ser\u00e1n ocupado por mujeres guerrerenses; dar\u00e1 empoderamiento a las mujeres a trav\u00e9s de cr\u00e9ditos a la palabra, as\u00ed como guarder\u00edas para las mujeres emprendedoras, \u00abMorena te quit\u00f3 las guarder\u00edas, pero Moreno te las va a regresar\u00bb argument\u00f3.<\/p>\n<p style=\"text-align: justify;\">Mario Moreno tambi\u00e9n convoc\u00f3 a la ciudadan\u00eda para que depositen su confianza en un gobierno de resultados y que trabaje fuertemente por la seguridad, y no en \u00abun gobierno que est\u00e9 en el caos\u00bb.<\/p>\n<p style=\"text-align: justify;\">\u00abRespeto por Guerrero y gobernando en serio, as\u00ed Gana Guerrero\u00bb fue el mensaje que pronunci\u00f3 Mario Moreno ante sus adversarios pol\u00edticos y ante los miles de simpatizantes que de forma digital enviaron sus mensajes de apoyo al candidato al gobierno de Guerrero.<\/p>\n<p><img loading=\"lazy\" decoding=\"async\" class=\"alignnone wp-image-1225662 \" src=\"https:\/\/www.acapulco.press\/wp-content\/uploads\/2021\/04\/GANO-MARIO.jpg\" alt=\"\" width=\"824\" height=\"1191\" \/><\/p>\n","protected":false},"excerpt":{"rendered":"<p>CHILPANCINGO. &#8216; 28 de abril de 2021. ) Especial. Para Mario Moreno Arcos garantizar el acceso a una vida libre de violencia para las mujeres, ser\u00e1 fundamental para los pr\u00f3ximos 6 a\u00f1os de su gobierno, y as\u00ed lo reiter\u00f3 durante su participaci\u00f3n en el primer debate p\u00fablico que organiz\u00f3 el Instituto Electoral y de Participaci\u00f3n&#8230;<\/p>\n","protected":false},"author":2,"featured_media":1225664,"comment_status":"closed","ping_status":"closed","sticky":false,"template":"","format":"standard","meta":{"footnotes":""},"categories":[2053,1972,1997],"tags":[2780,10260,12685],"class_list":["post-1225660","post","type-post","status-publish","format-standard","has-post-thumbnail","hentry","category-elecciones-special","category-special","category-noticias-destacadas","tag-mariomorenogobernador","tag-instituto-electoral-y-de-participacion-ciudadana-del-estado-de-guerrero-iepcgro","tag-mario-moreno-arcos"],"_links":{"self":[{"href":"https:\/\/www.acapulcopress.com\/index.php\/wp-json\/wp\/v2\/posts\/1225660","targetHints":{"allow":["GET"]}}],"collection":[{"href":"https:\/\/www.acapulcopress.com\/index.php\/wp-json\/wp\/v2\/posts"}],"about":[{"href":"https:\/\/www.acapulcopress.com\/index.php\/wp-json\/wp\/v2\/types\/post"}],"author":[{"embeddable":true,"href":"https:\/\/www.acapulcopress.com\/index.php\/wp-json\/wp\/v2\/users\/2"}],"replies":[{"embeddable":true,"href":"https:\/\/www.acapulcopress.com\/index.php\/wp-json\/wp\/v2\/comments?post=1225660"}],"version-history":[{"count":0,"href":"https:\/\/www.acapulcopress.com\/index.php\/wp-json\/wp\/v2\/posts\/1225660\/revisions"}],"wp:featuredmedia":[{"embeddable":true,"href":"https:\/\/www.acapulcopress.com\/index.php\/wp-json\/"}],"wp:attachment":[{"href":"https:\/\/www.acapulcopress.com\/index.php\/wp-json\/wp\/v2\/media?parent=1225660"}],"wp:term":[{"taxonomy":"category","embeddable":true,"href":"https:\/\/www.acapulcopress.com\/index.php\/wp-json\/wp\/v2\/categories?post=1225660"},{"taxonomy":"post_tag","embeddable":true,"href":"https:\/\/www.acapulcopress.com\/index.php\/wp-json\/wp\/v2\/tags?post=1225660"}],"curies":[{"name":"wp","href":"https:\/\/api.w.org\/{rel}","templated":true}]}}