{"id":1225670,"date":"2021-04-28T23:53:20","date_gmt":"2021-04-29T04:53:20","guid":{"rendered":"https:\/\/www.acapulcopress.com\/?p=1225670"},"modified":"2021-04-28T23:53:20","modified_gmt":"2021-04-29T04:53:20","slug":"sera-mujer-el-relevo-de-felix-salgado-en-guerrero-anuncia-mario-delgado","status":"publish","type":"post","link":"https:\/\/www.acapulcopress.com\/index.php\/2021\/04\/28\/sera-mujer-el-relevo-de-felix-salgado-en-guerrero-anuncia-mario-delgado\/","title":{"rendered":"Ser\u00e1 mujer el relevo de F\u00e9lix Salgado en Guerrero, anuncia Mario Delgado"},"content":{"rendered":"<p style=\"text-align: justify;\">] MORENA. &#8216; 28 de abril de 2021.<br \/>\n<em>) Comunicado.<\/em><\/p>\n<p style=\"text-align: justify;\">En reuni\u00f3n sostenida esta noche por la Comisi\u00f3n Nacional de Elecciones de MORENA se acord\u00f3 por unanimidad de sus integrantes la ruta para dar cumplimiento a la resoluci\u00f3n emitida por las autoridades electorales, respecto a selecci\u00f3n de la candidatura a la gubernatura de Guerrero<\/p>\n<p style=\"text-align: justify;\">En este sentido, se decidi\u00f3 que la candidatura ser\u00e1 encabezada por una mujer con la intenci\u00f3n de seguir abriendo espacios de participaci\u00f3n pol\u00edtica a las mujeres; con lo que ademas, Morena se convertir\u00eda en el \u00fanico partido con ocho candidatas en el proceso electoral.<\/p>\n<p style=\"text-align: justify;\">Asimismo, se acord\u00f3 que dicha candidatura se elegir\u00e1 a trav\u00e9s del m\u00e9todo de encuesta; misma que se realizar\u00e1 a la brevedad para cumplir en tiempo y forma con lo establecido por las autoridaddes electorales.<\/p>\n<p style=\"text-align: justify;\">En los pr\u00f3ximos d\u00edas se informar\u00e1 el resultado de la encuesta y con ello, se realizar\u00e1 el registro definitivo de la candidatura a la gubernatura de Guerrero.<\/p>\n","protected":false},"excerpt":{"rendered":"<p>] MORENA. &#8216; 28 de abril de 2021. ) Comunicado. En reuni\u00f3n sostenida esta noche por la Comisi\u00f3n Nacional de Elecciones de MORENA se acord\u00f3 por unanimidad de sus integrantes la ruta para dar cumplimiento a la resoluci\u00f3n emitida por las autoridades electorales, respecto a selecci\u00f3n de la candidatura a la gubernatura de Guerrero En&#8230;<\/p>\n","protected":false},"author":2,"featured_media":1225671,"comment_status":"closed","ping_status":"closed","sticky":false,"template":"","format":"standard","meta":{"footnotes":""},"categories":[2053,1972],"tags":[8240,8467,13305],"class_list":["post-1225670","post","type-post","status-publish","format-standard","has-post-thumbnail","hentry","category-elecciones-special","category-special","tag-evelyn-juanita-salgado-pineda","tag-felix-salgado-macedonio","tag-morena-guerrero"],"_links":{"self":[{"href":"https:\/\/www.acapulcopress.com\/index.php\/wp-json\/wp\/v2\/posts\/1225670","targetHints":{"allow":["GET"]}}],"collection":[{"href":"https:\/\/www.acapulcopress.com\/index.php\/wp-json\/wp\/v2\/posts"}],"about":[{"href":"https:\/\/www.acapulcopress.com\/index.php\/wp-json\/wp\/v2\/types\/post"}],"author":[{"embeddable":true,"href":"https:\/\/www.acapulcopress.com\/index.php\/wp-json\/wp\/v2\/users\/2"}],"replies":[{"embeddable":true,"href":"https:\/\/www.acapulcopress.com\/index.php\/wp-json\/wp\/v2\/comments?post=1225670"}],"version-history":[{"count":0,"href":"https:\/\/www.acapulcopress.com\/index.php\/wp-json\/wp\/v2\/posts\/1225670\/revisions"}],"wp:featuredmedia":[{"embeddable":true,"href":"https:\/\/www.acapulcopress.com\/index.php\/wp-json\/"}],"wp:attachment":[{"href":"https:\/\/www.acapulcopress.com\/index.php\/wp-json\/wp\/v2\/media?parent=1225670"}],"wp:term":[{"taxonomy":"category","embeddable":true,"href":"https:\/\/www.acapulcopress.com\/index.php\/wp-json\/wp\/v2\/categories?post=1225670"},{"taxonomy":"post_tag","embeddable":true,"href":"https:\/\/www.acapulcopress.com\/index.php\/wp-json\/wp\/v2\/tags?post=1225670"}],"curies":[{"name":"wp","href":"https:\/\/api.w.org\/{rel}","templated":true}]}}