{"id":1225676,"date":"2021-04-29T11:51:14","date_gmt":"2021-04-29T16:51:14","guid":{"rendered":"https:\/\/www.acapulcopress.com\/?p=1225676"},"modified":"2021-04-29T11:51:14","modified_gmt":"2021-04-29T16:51:14","slug":"el-ganador-del-primer-debate-por-sus-propuestas-fue-pedro-segura-igor-aguirre","status":"publish","type":"post","link":"https:\/\/www.acapulcopress.com\/index.php\/2021\/04\/29\/el-ganador-del-primer-debate-por-sus-propuestas-fue-pedro-segura-igor-aguirre\/","title":{"rendered":"\u00abEl ganador del &#8216;Primer Debate&#8217; por sus propuestas fue Pedro Segura\u00bb | Igor Aguirre"},"content":{"rendered":"<p style=\"text-align: justify;\">] CHILPANCINGO. &#8216; 29 de abril de 2021.<br \/>\n<em>) Comunicado.<\/em><\/p>\n<p style=\"text-align: justify;\">Igor Aguirre V\u00e1zquez, candidato a la presidencia municipal de Acapulco por el Partido del Trabajo (PT), asegur\u00f3 que Pedro Segura Balladares, abanderado de la coalici\u00f3n PT-PVEM, fue quien present\u00f3 propuestas reales que permitir\u00e1n <img loading=\"lazy\" decoding=\"async\" class=\"alignleft size-medium wp-image-1225678\" src=\"https:\/\/www.acapulco.press\/wp-content\/uploads\/2021\/04\/IGOR-AGUIRRE-Y-SAMMY-375x334.jpg\" alt=\"\" width=\"375\" height=\"334\" \/>salir del subdesarrollo a Guerrero, \u00abPedro Segura es quien gan\u00f3 el debate\u00bb, se\u00f1al\u00f3.<\/p>\n<p style=\"text-align: justify;\">Aguirre V\u00e1zquez, acompa\u00f1o este mi\u00e9rcoles al candidato a la gubernatura de Guerrero, Pedro Segura, al primero de los debates programados por el Instituto Electoral y de Participaci\u00f3n Ciudadana del Estado de Guerrero (IEPC GRO).<\/p>\n<p style=\"text-align: justify;\">Posteriormente en entrevista coment\u00f3 que \u00abPedro Segura gan\u00f3 el debate, porque present\u00f3 verdaderas propuestas para los guerrerenses, \u00e9l si representa la verdadera izquierda, por ser un candidato natural, sin promesas ficticias, pero sobre todo que viene a abonar a rescatar al pueblo de Guerrero y no ha servirse de \u00e9l, vamos a la segura con Pedro Segura\u00bb, enfatiz\u00f3.<\/p>\n<p style=\"text-align: justify;\">Tambi\u00e9n estuvieron presentes el candidato a diputado federal por el distrito 05, Victoriano Wences Real, as\u00ed como el Coordinador General de campa\u00f1a y Regidor con licencia Roberto Ortega.<\/p>\n","protected":false},"excerpt":{"rendered":"<p>] CHILPANCINGO. &#8216; 29 de abril de 2021. ) Comunicado. Igor Aguirre V\u00e1zquez, candidato a la presidencia municipal de Acapulco por el Partido del Trabajo (PT), asegur\u00f3 que Pedro Segura Balladares, abanderado de la coalici\u00f3n PT-PVEM, fue quien present\u00f3 propuestas reales que permitir\u00e1n salir del subdesarrollo a Guerrero, \u00abPedro Segura es quien gan\u00f3 el debate\u00bb,&#8230;<\/p>\n","protected":false},"author":2,"featured_media":1225678,"comment_status":"closed","ping_status":"closed","sticky":false,"template":"","format":"standard","meta":{"footnotes":""},"categories":[2052,18561],"tags":[10036,14284,14439],"class_list":["post-1225676","post","type-post","status-publish","format-standard","has-post-thumbnail","hentry","category-elecciones","category-society-politics","tag-igor-aguirre-vazquez","tag-partido-del-trabajo-pt","tag-pedro-segura-balladares"],"_links":{"self":[{"href":"https:\/\/www.acapulcopress.com\/index.php\/wp-json\/wp\/v2\/posts\/1225676","targetHints":{"allow":["GET"]}}],"collection":[{"href":"https:\/\/www.acapulcopress.com\/index.php\/wp-json\/wp\/v2\/posts"}],"about":[{"href":"https:\/\/www.acapulcopress.com\/index.php\/wp-json\/wp\/v2\/types\/post"}],"author":[{"embeddable":true,"href":"https:\/\/www.acapulcopress.com\/index.php\/wp-json\/wp\/v2\/users\/2"}],"replies":[{"embeddable":true,"href":"https:\/\/www.acapulcopress.com\/index.php\/wp-json\/wp\/v2\/comments?post=1225676"}],"version-history":[{"count":0,"href":"https:\/\/www.acapulcopress.com\/index.php\/wp-json\/wp\/v2\/posts\/1225676\/revisions"}],"wp:featuredmedia":[{"embeddable":true,"href":"https:\/\/www.acapulcopress.com\/index.php\/wp-json\/"}],"wp:attachment":[{"href":"https:\/\/www.acapulcopress.com\/index.php\/wp-json\/wp\/v2\/media?parent=1225676"}],"wp:term":[{"taxonomy":"category","embeddable":true,"href":"https:\/\/www.acapulcopress.com\/index.php\/wp-json\/wp\/v2\/categories?post=1225676"},{"taxonomy":"post_tag","embeddable":true,"href":"https:\/\/www.acapulcopress.com\/index.php\/wp-json\/wp\/v2\/tags?post=1225676"}],"curies":[{"name":"wp","href":"https:\/\/api.w.org\/{rel}","templated":true}]}}