{"id":1225702,"date":"2021-04-29T23:59:32","date_gmt":"2021-04-30T04:59:32","guid":{"rendered":"https:\/\/www.acapulcopress.com\/?p=1225702"},"modified":"2021-04-29T23:59:32","modified_gmt":"2021-04-30T04:59:32","slug":"paso-firme-en-el-distrito-local-23-con-hector-vicario","status":"publish","type":"post","link":"https:\/\/www.acapulcopress.com\/index.php\/2021\/04\/29\/paso-firme-en-el-distrito-local-23-con-hector-vicario\/","title":{"rendered":"Paso firme en el Distrito local 23, con H\u00e9ctor Vicario"},"content":{"rendered":"<p style=\"text-align: justify;\"><em>* Paso firme en el Distrito local 23, con H\u00e9ctor Vicario<\/em><br \/>\n<em>* Se arrugan sus opositores ante esta campa\u00f1a<\/em><\/p>\n<p style=\"text-align: justify;\">Un Rapid\u00edn<br \/>\n] <strong>Con \u00c1ngel Irra Carceda<\/strong><br \/>\n<em>| angelirracar@hotmail.com<\/em><\/p>\n<p style=\"text-align: justify;\">En el Distrito Electoral 23 sigue sumando adeptos el candidato al Congreso local por la Alianza PRI-PRD, H\u00e9ctor Vicario Castrej\u00f3n, quien desde el pasado fin de semana ya realiza campa\u00f1a con los aspirantes a alcaldes de los municipios de esa jurisdicci\u00f3n.<\/p>\n<p style=\"text-align: justify;\"><img loading=\"lazy\" decoding=\"async\" class=\"alignleft size-medium wp-image-1225708\" src=\"https:\/\/www.acapulco.press\/wp-content\/uploads\/2021\/04\/VICARIO3-3-375x250.jpg\" alt=\"\" width=\"375\" height=\"250\" \/>El Distrito Electoral 23 est\u00e1 conformado por Huitzuco, parte del municipio de Iguala, Buenavista de Cu\u00e9llar, Tepecoacuilco, Atenango del R\u00edo y Copalillo, zona adonde la Alianza PRI-PRD reforz\u00f3 el proselitismo con las planillas que contienden por esos ayuntamientos.<\/p>\n<p style=\"text-align: justify;\">En el proselitismo que vienen realizando en territorio, H\u00e9ctor Vicario es pieza fundamental por su amplia experiencia acumulada durante varios procesos electorales.<\/p>\n<p style=\"text-align: justify;\">El paquete de proyectos para reactivar la agricultura, la ganader\u00eda, gesti\u00f3n de cr\u00e9ditos para peque\u00f1as y medianas <img loading=\"lazy\" decoding=\"async\" class=\"alignleft size-medium wp-image-1225707\" src=\"https:\/\/www.acapulco.press\/wp-content\/uploads\/2021\/04\/VICARIO2-3-375x250.jpg\" alt=\"\" width=\"375\" height=\"250\" \/>empresas, respaldo a los j\u00f3venes en sus diversas actividades educativas o deportivas, entre otros, siguen calando entre la poblaci\u00f3n.<\/p>\n<p style=\"text-align: justify;\">Vicario es un conocedor del campo y se compromete a la gesti\u00f3n del fertilizante gratuito, pues son insistentes las quejas que existen en contra del programa que ahora opera el gobierno federal ha afectado a miles de productores.<br \/>\nTiene un amplio conocimiento tambi\u00e9n de las zonas urbanas, pues durante a\u00f1os se desempe\u00f1\u00f3 en la administraci\u00f3n p\u00fablica, y en las cabeceras municipales del Distrito local 23 es mucho el descontento ciudadano porque no se observa por ning\u00fan lado obras del gobierno federal, por lo que con sus compa\u00f1eros a alcaldes se ha comprometido a impulsar un programa de obras de beneficio colectivo.<\/p>\n<p style=\"text-align: justify;\">El candidato a diputado local y originario de Chaucingo, Huitzuco, mantiene un acercamiento constante con la ciudadan\u00eda. La visita en mercados, colonias y pueblos y con su trabajo proselitista ayuda en mucho a sumar votos para el candidato a la gubernatura por la Alianza PRI\/PRD, Mario Moreno Arcos.<\/p>\n<p style=\"text-align: justify;\">Pero H\u00e9ctor Vicario no solo est\u00e1 asegurando eso, sino que adem\u00e1s de su seguro arribo al Congreso local, fortalece las aspiraciones de las planillas que contienden por los ayuntamientos de Huitzuco, Iguala, Buenavista de Cu\u00e9llar, Tepecoacuilco, Atenango del R\u00edo y Copalillo.<\/p>\n<p style=\"text-align: justify;\">De hecho, en esa zona parece que sus opositores ya se arrugaron. Principalmente los de Movimiento de Regeneraci\u00f3n Nacional (Morena), quienes se han convertido en actores testimoniales ante esta campa\u00f1a de la Alianza PRI-PRD.<\/p>\n","protected":false},"excerpt":{"rendered":"<p>* Paso firme en el Distrito local 23, con H\u00e9ctor Vicario * Se arrugan sus opositores ante esta campa\u00f1a Un Rapid\u00edn ] Con \u00c1ngel Irra Carceda | angelirracar@hotmail.com En el Distrito Electoral 23 sigue sumando adeptos el candidato al Congreso local por la Alianza PRI-PRD, H\u00e9ctor Vicario Castrej\u00f3n, quien desde el pasado fin de semana&#8230;<\/p>\n","protected":false},"author":2,"featured_media":1225706,"comment_status":"closed","ping_status":"closed","sticky":false,"template":"","format":"standard","meta":{"footnotes":""},"categories":[2071,1991],"tags":[3679,9738,12685],"class_list":["post-1225702","post","type-post","status-publish","format-standard","has-post-thumbnail","hentry","category-opinion-analisis-columnas","category-libertad-de-expresion","tag-alianza-pri-prd","tag-hector-vicario-castrejon","tag-mario-moreno-arcos"],"_links":{"self":[{"href":"https:\/\/www.acapulcopress.com\/index.php\/wp-json\/wp\/v2\/posts\/1225702","targetHints":{"allow":["GET"]}}],"collection":[{"href":"https:\/\/www.acapulcopress.com\/index.php\/wp-json\/wp\/v2\/posts"}],"about":[{"href":"https:\/\/www.acapulcopress.com\/index.php\/wp-json\/wp\/v2\/types\/post"}],"author":[{"embeddable":true,"href":"https:\/\/www.acapulcopress.com\/index.php\/wp-json\/wp\/v2\/users\/2"}],"replies":[{"embeddable":true,"href":"https:\/\/www.acapulcopress.com\/index.php\/wp-json\/wp\/v2\/comments?post=1225702"}],"version-history":[{"count":0,"href":"https:\/\/www.acapulcopress.com\/index.php\/wp-json\/wp\/v2\/posts\/1225702\/revisions"}],"wp:featuredmedia":[{"embeddable":true,"href":"https:\/\/www.acapulcopress.com\/index.php\/wp-json\/"}],"wp:attachment":[{"href":"https:\/\/www.acapulcopress.com\/index.php\/wp-json\/wp\/v2\/media?parent=1225702"}],"wp:term":[{"taxonomy":"category","embeddable":true,"href":"https:\/\/www.acapulcopress.com\/index.php\/wp-json\/wp\/v2\/categories?post=1225702"},{"taxonomy":"post_tag","embeddable":true,"href":"https:\/\/www.acapulcopress.com\/index.php\/wp-json\/wp\/v2\/tags?post=1225702"}],"curies":[{"name":"wp","href":"https:\/\/api.w.org\/{rel}","templated":true}]}}