{"id":1225714,"date":"2021-04-30T00:15:02","date_gmt":"2021-04-30T05:15:02","guid":{"rendered":"https:\/\/www.acapulcopress.com\/?p=1225714"},"modified":"2021-04-30T00:15:02","modified_gmt":"2021-04-30T05:15:02","slug":"fiscalia-guerrero-captura-a-violador-de-cruz-grande","status":"publish","type":"post","link":"https:\/\/www.acapulcopress.com\/index.php\/2021\/04\/30\/fiscalia-guerrero-captura-a-violador-de-cruz-grande\/","title":{"rendered":"Fiscal\u00eda Guerrero captura a violador de Cruz Grande"},"content":{"rendered":"<p style=\"text-align: justify;\">] CHILPANCINGO. &#8216; 29 de abril de 2021.<br \/>\n<em>) <a href=\"https:\/\/fiscaliaguerrero.gob.mx\" target=\"_blank\" rel=\"noopener\">https:\/\/fiscaliaguerrero.gob.mx<\/a>.<\/em><\/p>\n<p style=\"text-align: justify;\">La Polic\u00eda Investigadora Ministerial adscrita a Cruz Grande, regi\u00f3n Costa Chica, dio cumplimiento a la orden de aprehensi\u00f3n en contra de Hermilo \u00abN\u00bb, acusado por ser el probable responsable del delito de Violaci\u00f3n en agravio de una f\u00e9mina, en la comunidad de Playa Larga Vieja, municipio de Florencio Villareal.<\/p>\n<p style=\"text-align: justify;\">El imputado acudi\u00f3 a esa comunidad encontrando a la v\u00edctima el d\u00eda 5 de agosto de 2007 dici\u00e9ndole que la llevar\u00eda al siguiente d\u00eda con su padre, y en el trayecto se desvi\u00f3 a otro domicilio donde la agredi\u00f3 y la mantuvo privada de su libertad para cometer el delito.<\/p>\n<p style=\"text-align: justify;\">La Polic\u00eda Ministerial dej\u00f3 a Hermilo \u00abN\u00bb a disposici\u00f3n del Juez Mixto de Primera Instancia de Ayutla de los Libres quien determinar\u00e1 la situaci\u00f3n jur\u00eddica.<\/p>\n<p style=\"text-align: justify;\">La Fiscal\u00eda General del Estado continuar\u00e1 investigando los delitos del fuero com\u00fan y con especial seguimiento los cometidos en temas de igualdad de g\u00e9nero y menores de edad en el estado de Guerrero.<\/p>\n","protected":false},"excerpt":{"rendered":"<p>] CHILPANCINGO. &#8216; 29 de abril de 2021. ) https:\/\/fiscaliaguerrero.gob.mx. La Polic\u00eda Investigadora Ministerial adscrita a Cruz Grande, regi\u00f3n Costa Chica, dio cumplimiento a la orden de aprehensi\u00f3n en contra de Hermilo \u00abN\u00bb, acusado por ser el probable responsable del delito de Violaci\u00f3n en agravio de una f\u00e9mina, en la comunidad de Playa Larga Vieja,&#8230;<\/p>\n","protected":false},"author":2,"featured_media":1225715,"comment_status":"closed","ping_status":"closed","sticky":false,"template":"","format":"standard","meta":{"footnotes":""},"categories":[18561,2005],"tags":[8682,10946,14737],"class_list":["post-1225714","post","type-post","status-publish","format-standard","has-post-thumbnail","hentry","category-society-politics","category-seguridad-y-justicia","tag-fiscalia-general-de-guerrero-fge","tag-jorge-zuriel-de-los-santos-barrila","tag-policia-ministerial-de-guerrero"],"_links":{"self":[{"href":"https:\/\/www.acapulcopress.com\/index.php\/wp-json\/wp\/v2\/posts\/1225714","targetHints":{"allow":["GET"]}}],"collection":[{"href":"https:\/\/www.acapulcopress.com\/index.php\/wp-json\/wp\/v2\/posts"}],"about":[{"href":"https:\/\/www.acapulcopress.com\/index.php\/wp-json\/wp\/v2\/types\/post"}],"author":[{"embeddable":true,"href":"https:\/\/www.acapulcopress.com\/index.php\/wp-json\/wp\/v2\/users\/2"}],"replies":[{"embeddable":true,"href":"https:\/\/www.acapulcopress.com\/index.php\/wp-json\/wp\/v2\/comments?post=1225714"}],"version-history":[{"count":0,"href":"https:\/\/www.acapulcopress.com\/index.php\/wp-json\/wp\/v2\/posts\/1225714\/revisions"}],"wp:featuredmedia":[{"embeddable":true,"href":"https:\/\/www.acapulcopress.com\/index.php\/wp-json\/"}],"wp:attachment":[{"href":"https:\/\/www.acapulcopress.com\/index.php\/wp-json\/wp\/v2\/media?parent=1225714"}],"wp:term":[{"taxonomy":"category","embeddable":true,"href":"https:\/\/www.acapulcopress.com\/index.php\/wp-json\/wp\/v2\/categories?post=1225714"},{"taxonomy":"post_tag","embeddable":true,"href":"https:\/\/www.acapulcopress.com\/index.php\/wp-json\/wp\/v2\/tags?post=1225714"}],"curies":[{"name":"wp","href":"https:\/\/api.w.org\/{rel}","templated":true}]}}