{"id":1225720,"date":"2021-04-30T00:26:33","date_gmt":"2021-04-30T05:26:33","guid":{"rendered":"https:\/\/www.acapulcopress.com\/?p=1225720"},"modified":"2021-04-30T00:26:33","modified_gmt":"2021-04-30T05:26:33","slug":"sin-preocuparle-quien-sea-la-candidata-de-morena-mario-moreno-reanudara-sus-recorridos","status":"publish","type":"post","link":"https:\/\/www.acapulcopress.com\/index.php\/2021\/04\/30\/sin-preocuparle-quien-sea-la-candidata-de-morena-mario-moreno-reanudara-sus-recorridos\/","title":{"rendered":"Sin preocuparle qui\u00e9n sea la candidata de Morena, Mario Moreno reanudar\u00e1 sus recorridos"},"content":{"rendered":"<p style=\"text-align: justify;\">] CHILPANCINGO. &#8216; 29 de abril de 2021.<br \/>\n<em>) Especial.<\/em><\/p>\n<p style=\"text-align: justify;\">El candidato a gobernador del PRI-PRD, Mario Moreno Arcos, dijo que el debate del mi\u00e9rcoles organizado por el Instituto Electoral y de Participaci\u00f3n Ciudadana (IEPC) le permiti\u00f3 exponer su proyecto de desarrollo y progreso para Guerrero durante los pr\u00f3ximos seis a\u00f1os.<\/p>\n<p style=\"text-align: justify;\">\u201cSali\u00f3 muy bien creo y en t\u00e9rminos generales hubo respeto y propuestas. El reto que viene todav\u00eda es muy importante, principalmente para m\u00ed que he caminado a lo largo y ancho de Guerrero; 55 d\u00edas que he hecho propuestas diferentes\u201d, dijo.<\/p>\n<p style=\"text-align: justify;\">En entrevistas concedidas a medios nacionales y estatales, Moreno Arcos coincidi\u00f3 en se\u00f1alar que ya pasado el debate, enfocar\u00e1 energ\u00edas para retomar su campa\u00f1a cercana a la gente, como lo ha hecho desde el pasado 5 de marzo, porque as\u00ed gana Guerrero.<\/p>\n<p style=\"text-align: justify;\">Tambi\u00e9n enfatiz\u00f3 que no le preocupa quien ser\u00e1 la nueva candidata de Morena al gobierno de Guerrero y reiter\u00f3 que desde la semana pasada se\u00f1al\u00f3 que no ten\u00eda ning\u00fan problema con que el Tribunal Electoral del Poder Judicial de la Federaci\u00f3n restituyera la postulaci\u00f3n de F\u00e9lix Salgado Macedonio.<\/p>\n<p style=\"text-align: justify;\">\u201cNosotros estamos en espera de que pongan su candidata o candidato que ellos determinen y ojal\u00e1 que ya tengamos competencia enfrente\u201d, consider\u00f3.<\/p>\n<p style=\"text-align: justify;\">Mario Moreno se\u00f1al\u00f3 tambi\u00e9n que \u00e9l y la alianza PRI-PRD est\u00e1n concentrados en la campa\u00f1a de propuestas y proyectos viables para la entidad.<\/p>\n<p style=\"text-align: justify;\">\u201cMe enter\u00e9 que ya empiezan a preocuparse, ya empiezan a hacer algunos se\u00f1alamientos, antes no nos ve\u00edan, hoy ya les empezamos a preocupar, ya hablan de los programas, proyectos, y propuestas que nosotros estamos comentando en las giras\u201d, indic\u00f3.<\/p>\n<p style=\"text-align: justify;\">Anunci\u00f3 que como gobernador pondr\u00e1 orden en el programa de fertilizante para que se entregue con puntualidad a sus hermanas y hermanos campesinos, con el objetivo de que produzcan sus tierras.<\/p>\n<p style=\"text-align: justify;\">\u201cSi t\u00fa vas al campo guerrerense, lo que escuchas de manera recurrente es el tema del fertilizante. Antes, cuando el gobierno del estado, los gobiernos municipales, lo entregaban, no hab\u00eda mayores problemas, hoy vas al campo y lo que escuchas es una desatenci\u00f3n de los \u00abServidores de la Naci\u00f3n\u00bb y el recorte de su fertilizante; a muchos no les dan\u201d, denunci\u00f3.<\/p>\n<p style=\"text-align: justify;\"><img loading=\"lazy\" decoding=\"async\" class=\"alignnone wp-image-1225721 size-large\" src=\"https:\/\/www.acapulco.press\/wp-content\/uploads\/2021\/04\/MARIO-DEBATE-840x560.jpg\" alt=\"\" width=\"840\" height=\"560\" \/><\/p>\n","protected":false},"excerpt":{"rendered":"<p>] CHILPANCINGO. &#8216; 29 de abril de 2021. ) Especial. El candidato a gobernador del PRI-PRD, Mario Moreno Arcos, dijo que el debate del mi\u00e9rcoles organizado por el Instituto Electoral y de Participaci\u00f3n Ciudadana (IEPC) le permiti\u00f3 exponer su proyecto de desarrollo y progreso para Guerrero durante los pr\u00f3ximos seis a\u00f1os. \u201cSali\u00f3 muy bien creo&#8230;<\/p>\n","protected":false},"author":2,"featured_media":1225722,"comment_status":"closed","ping_status":"closed","sticky":false,"template":"","format":"standard","meta":{"footnotes":""},"categories":[2053,1972],"tags":[2914,5941,12685],"class_list":["post-1225720","post","type-post","status-publish","format-standard","has-post-thumbnail","hentry","category-elecciones-special","category-special","tag-vaxguerrero","tag-coalicion-pri-prd-eleccion-guerrero-2021","tag-mario-moreno-arcos"],"_links":{"self":[{"href":"https:\/\/www.acapulcopress.com\/index.php\/wp-json\/wp\/v2\/posts\/1225720","targetHints":{"allow":["GET"]}}],"collection":[{"href":"https:\/\/www.acapulcopress.com\/index.php\/wp-json\/wp\/v2\/posts"}],"about":[{"href":"https:\/\/www.acapulcopress.com\/index.php\/wp-json\/wp\/v2\/types\/post"}],"author":[{"embeddable":true,"href":"https:\/\/www.acapulcopress.com\/index.php\/wp-json\/wp\/v2\/users\/2"}],"replies":[{"embeddable":true,"href":"https:\/\/www.acapulcopress.com\/index.php\/wp-json\/wp\/v2\/comments?post=1225720"}],"version-history":[{"count":0,"href":"https:\/\/www.acapulcopress.com\/index.php\/wp-json\/wp\/v2\/posts\/1225720\/revisions"}],"wp:featuredmedia":[{"embeddable":true,"href":"https:\/\/www.acapulcopress.com\/index.php\/wp-json\/"}],"wp:attachment":[{"href":"https:\/\/www.acapulcopress.com\/index.php\/wp-json\/wp\/v2\/media?parent=1225720"}],"wp:term":[{"taxonomy":"category","embeddable":true,"href":"https:\/\/www.acapulcopress.com\/index.php\/wp-json\/wp\/v2\/categories?post=1225720"},{"taxonomy":"post_tag","embeddable":true,"href":"https:\/\/www.acapulcopress.com\/index.php\/wp-json\/wp\/v2\/tags?post=1225720"}],"curies":[{"name":"wp","href":"https:\/\/api.w.org\/{rel}","templated":true}]}}