{"id":1225730,"date":"2021-04-30T00:44:48","date_gmt":"2021-04-30T05:44:48","guid":{"rendered":"https:\/\/www.acapulcopress.com\/?p=1225730"},"modified":"2021-04-30T00:44:48","modified_gmt":"2021-04-30T05:44:48","slug":"mario-moreno-promocion-turistica-imprescindible-para-el-desarrollo-de-guerrero","status":"publish","type":"post","link":"https:\/\/www.acapulcopress.com\/index.php\/2021\/04\/30\/mario-moreno-promocion-turistica-imprescindible-para-el-desarrollo-de-guerrero\/","title":{"rendered":"Mario Moreno | Promoci\u00f3n tur\u00edstica, imprescindible para el desarrollo de Guerrero"},"content":{"rendered":"<p style=\"text-align: justify;\">] TAXCO. &#8216; 29 de abril de 2021.<br \/>\n<em>) Especial.<\/em><\/p>\n<p style=\"text-align: justify;\">Para Mario Moreno Arcos impulsar la recuperaci\u00f3n tur\u00edstica y econ\u00f3mica de Taxco, junto al tema de la seguridad que se reforzar\u00e1, ser\u00e1 una prioridad en los pr\u00f3ximos 6 a\u00f1os de su gobierno.<\/p>\n<p style=\"text-align: justify;\"><img loading=\"lazy\" decoding=\"async\" class=\"alignleft size-medium wp-image-1225732\" src=\"https:\/\/www.acapulco.press\/wp-content\/uploads\/2021\/04\/MMA3-375x250.jpeg\" alt=\"\" width=\"375\" height=\"250\" \/>Ese fue el compromiso que asumi\u00f3 en un encuentro que sostuvo con empresarios de ese municipio, al que acudi\u00f3 como invitado al igual que Omar Jalil Flores Majul, aspirante a la alcald\u00eda municipal.<\/p>\n<p style=\"text-align: justify;\">El candidato a gobernador por la alianza PRI-PRD, destac\u00f3 que el turismo ha sido el motor fundamental para el desarrollo del estado, \u00abes el m\u00e1ximo generador de empleos y no podemos matar a la \u2018gallina de los huevos de oro\u2019, hay que fortalecerla porque solo as\u00ed gana Guerrero\u00bb asever\u00f3.<\/p>\n<p style=\"text-align: justify;\">Acompa\u00f1ado del ex gobernador de Guerrero Rub\u00e9n Figueroa Alcocer, dijo que el gobierno federal ha suspendido las inversiones a la promoci\u00f3n tur\u00edstica, por lo que ser\u00e1 el gobierno estatal quien lo impulse, adem\u00e1s de obras de gran impacto para la ciudad en sinergia con el gobierno municipal, as\u00ed como la recuperaci\u00f3n de espacios culturales y art\u00edsticos para atraer el turismo internacional.<\/p>\n<p style=\"text-align: justify;\">Ram\u00f3n Brito Cuevas, presidente de la Asociaci\u00f3n de Hoteles y Empresas Tur\u00edsticas de Taxco, extern\u00f3 la disponibilidad del gremio para trabajar con \u00abtotal coordinaci\u00f3n entre gobierno estatal y taxque\u00f1os\u00bb, para la inversi\u00f3n en infraestructura, retomar obras que est\u00e1n detenidas, as\u00ed como participar en la planeaci\u00f3n de diferentes proyectos en beneficio de los habitantes.<\/p>\n<p style=\"text-align: justify;\">Ademas de reconocerle su compromiso con Guerrero y que con su experiencia seguramente se lograr\u00e1 el objetivo de impulsar a la entidad y que repunte la actividad tur\u00edstica.<\/p>\n<p>Acerca del impuesto sobre el hospedaje a plataformas digitales, para incrementar el recurso como un fideicomiso para la promoci\u00f3n tur\u00edstica, Moreno Arcos dijo \u00abme he comprometido a qu\u00e9 ese tres por ciento se va a ir a una bolsa, as\u00ed como crear un Consejo de empresarios para ver cu\u00e1l ser\u00e1 la estrategia de promoci\u00f3n\u00bb, explic\u00f3.<\/p>\n<p style=\"text-align: justify;\">Por su parte, Omar Jalil Flores Majul, aspirante al gobierno municipal, dijo que con el apoyo de Mario Moreno, \u00abTaxco nuevamente podr\u00e1 verse como la puerta de plata del estado de Guerrero\u00bb y se\u00f1al\u00f3 que en sinton\u00eda habr\u00e1n de impulsar cinco ejes de trabajo para la reactivaci\u00f3n econ\u00f3mica, apoyo al sector empresarial local, adem\u00e1s del mejoramiento de servicios p\u00fablicos y la reconstrucci\u00f3n del tejido social.<\/p>\n<p style=\"text-align: justify;\">\n","protected":false},"excerpt":{"rendered":"<p>] TAXCO. &#8216; 29 de abril de 2021. ) Especial. Para Mario Moreno Arcos impulsar la recuperaci\u00f3n tur\u00edstica y econ\u00f3mica de Taxco, junto al tema de la seguridad que se reforzar\u00e1, ser\u00e1 una prioridad en los pr\u00f3ximos 6 a\u00f1os de su gobierno. Ese fue el compromiso que asumi\u00f3 en un encuentro que sostuvo con empresarios&#8230;<\/p>\n","protected":false},"author":2,"featured_media":1225731,"comment_status":"closed","ping_status":"closed","sticky":false,"template":"","format":"standard","meta":{"footnotes":""},"categories":[2052,18561],"tags":[2914,5941,12685],"class_list":["post-1225730","post","type-post","status-publish","format-standard","has-post-thumbnail","hentry","category-elecciones","category-society-politics","tag-vaxguerrero","tag-coalicion-pri-prd-eleccion-guerrero-2021","tag-mario-moreno-arcos"],"_links":{"self":[{"href":"https:\/\/www.acapulcopress.com\/index.php\/wp-json\/wp\/v2\/posts\/1225730","targetHints":{"allow":["GET"]}}],"collection":[{"href":"https:\/\/www.acapulcopress.com\/index.php\/wp-json\/wp\/v2\/posts"}],"about":[{"href":"https:\/\/www.acapulcopress.com\/index.php\/wp-json\/wp\/v2\/types\/post"}],"author":[{"embeddable":true,"href":"https:\/\/www.acapulcopress.com\/index.php\/wp-json\/wp\/v2\/users\/2"}],"replies":[{"embeddable":true,"href":"https:\/\/www.acapulcopress.com\/index.php\/wp-json\/wp\/v2\/comments?post=1225730"}],"version-history":[{"count":0,"href":"https:\/\/www.acapulcopress.com\/index.php\/wp-json\/wp\/v2\/posts\/1225730\/revisions"}],"wp:featuredmedia":[{"embeddable":true,"href":"https:\/\/www.acapulcopress.com\/index.php\/wp-json\/"}],"wp:attachment":[{"href":"https:\/\/www.acapulcopress.com\/index.php\/wp-json\/wp\/v2\/media?parent=1225730"}],"wp:term":[{"taxonomy":"category","embeddable":true,"href":"https:\/\/www.acapulcopress.com\/index.php\/wp-json\/wp\/v2\/categories?post=1225730"},{"taxonomy":"post_tag","embeddable":true,"href":"https:\/\/www.acapulcopress.com\/index.php\/wp-json\/wp\/v2\/tags?post=1225730"}],"curies":[{"name":"wp","href":"https:\/\/api.w.org\/{rel}","templated":true}]}}