{"id":1225738,"date":"2021-04-30T00:58:13","date_gmt":"2021-04-30T05:58:13","guid":{"rendered":"https:\/\/www.acapulcopress.com\/?p=1225738"},"modified":"2021-04-30T00:58:13","modified_gmt":"2021-04-30T05:58:13","slug":"dio-inicio-en-diez-municipios-de-guerrero-aplicacion-de-segunda-dosis-de-vacunacion","status":"publish","type":"post","link":"https:\/\/www.acapulcopress.com\/index.php\/2021\/04\/30\/dio-inicio-en-diez-municipios-de-guerrero-aplicacion-de-segunda-dosis-de-vacunacion\/","title":{"rendered":"Dio inicio en diez municipios de Guerrero aplicaci\u00f3n de segunda dosis de vacunaci\u00f3n"},"content":{"rendered":"<p style=\"text-align: justify;\">] ACAPULCO. &#8216; 29 de abril de 2021.<br \/>\n<em>) Gobierno de Guerrero.<\/em><\/p>\n<p style=\"text-align: justify;\">Con un trabajo conjunto entre el gobierno del estado, federal y municipios , en Guerrero sigue avanzando el Plan Nacional de Vacunaci\u00f3n en Guerrero, lo anterior fue dado a conocer durante la transmisi\u00f3n 367 sobre la evoluci\u00f3n de la pandemia del Covid-19 en Guerrero.<\/p>\n<p style=\"text-align: justify;\">La directora de Comunicaci\u00f3n Social, Erika L\u00fchrs Cort\u00e9s y el secretario de Salud, Carlos de la Pe\u00f1a Pintos, sostuvieron un enlace con el jefe de la Oficina del gobernador, Alejandro Bravo Abarca, desde Zihuatanejo. Y otro m\u00e1s con el delegado en Guerrero de los programas federales, Iv\u00e1n Hern\u00e1ndez, desde Huamuxtitl\u00e1n, en donde se dieron detalles sobre el avance del proceso de vacunaci\u00f3n en las distintas regiones.<\/p>\n<p style=\"text-align: justify;\">Asimismo confirm\u00f3 el inicio de la aplicaci\u00f3n de la segunda dosis de vacuna en los municipios de Zihuatanejo, Taxco, Iguala, Tlapa, Huamuxtitl\u00e1n, Malinaltepec, Tlacoapa, Xochihuehuetl\u00e1n y Zapotitl\u00e1n Tablas, y ma\u00f1ana viernes se har\u00e1 lo propio a los adultos mayores del municipio de Zir\u00e1ndaro, jornada que se llevar\u00e1 a cabo en las instalaciones del 34 batall\u00f3n en Ciudad Altamirano.<\/p>\n<p style=\"text-align: justify;\">Con el fin de definir la log\u00edstica para la aplicaci\u00f3n de la vacuna contra el Covid-19 al magisterio guerrerense, el gobernador H\u00e9ctor Astudillo Flores sostuvo el pasado mi\u00e9rcoles, una reuni\u00f3n de trabajo con autoridades educativas, militares, la capitana Margarita Hern\u00e1ndez, coordinadora del Plan Nacional de Vacunaci\u00f3n, y el delegado estatal de los Programas Sociales, Iv\u00e1n Hern\u00e1ndez D\u00edaz.<\/p>\n<p style=\"text-align: justify;\">Se\u00f1al\u00f3 que en esta reuni\u00f3n, se definieron las acciones a seguir en la primera etapa de vacunaci\u00f3n del personal del sector educativo, del 5 al 11 de mayo pr\u00f3ximo.<\/p>\n<p style=\"text-align: justify;\">V\u00eda remota, Alejandro Bravo Abarca, jefe de la Oficina del Gobernador, inform\u00f3 sobre el inicio de la aplicaci\u00f3n de la segunda dosis a los adultos mayores del municipio de Zihuatanejo, donde la jornada se llev\u00f3 a cabo con toda normalidad, en la cual se atendieron a m\u00e1s de dos mil personas, presentando una alta afluencia.<\/p>\n<p style=\"text-align: justify;\">Por su parte, Iv\u00e1n Hern\u00e1ndez D\u00edaz, delegado estatal de los Programas Sociales, report\u00f3 que el inicio de la vacuna en el municipio de Huamuxtitl\u00e1n avanzaba con toda normalidad, y a\u00f1adi\u00f3 que faltan pocos municipios de la Monta\u00f1a para cubrir todo el territorio guerrerense. Asimismo, dijo que en breve se reiniciar\u00e1 la aplicaci\u00f3n de la segunda dosis de vacuna en Acapulco.<\/p>\n<p style=\"text-align: justify;\">Al informar sobre la evoluci\u00f3n del Covid-19 en la entidad, el secretario de Salud, Carlos de la Pe\u00f1a Pintos se\u00f1al\u00f3 que en esta semana epidemiol\u00f3gica 17, se cuentan con 39,575 casos confirmados acumulados, 4,320 defunciones, 56 nuevos casos en las \u00faltimas 24 horas, con una tendencia ondulante hacia la disminuci\u00f3n, adem\u00e1s de 464 casos activos y una incidencia de 11.71 en casos activos estimados por 100 mil habitantes.<\/p>\n","protected":false},"excerpt":{"rendered":"<p>] ACAPULCO. &#8216; 29 de abril de 2021. ) Gobierno de Guerrero. Con un trabajo conjunto entre el gobierno del estado, federal y municipios , en Guerrero sigue avanzando el Plan Nacional de Vacunaci\u00f3n en Guerrero, lo anterior fue dado a conocer durante la transmisi\u00f3n 367 sobre la evoluci\u00f3n de la pandemia del Covid-19 en&#8230;<\/p>\n","protected":false},"author":2,"featured_media":1225739,"comment_status":"closed","ping_status":"closed","sticky":false,"template":"","format":"standard","meta":{"footnotes":""},"categories":[18573,1983],"tags":[5185,6705,8040,9302],"class_list":["post-1225738","post","type-post","status-publish","format-standard","has-post-thumbnail","hentry","category-goverment","category-guerrerogob","tag-carlos-de-la-pena-pintos","tag-covid19","tag-erika-luhrs-cortes","tag-gobierno-de-guerrero"],"_links":{"self":[{"href":"https:\/\/www.acapulcopress.com\/index.php\/wp-json\/wp\/v2\/posts\/1225738","targetHints":{"allow":["GET"]}}],"collection":[{"href":"https:\/\/www.acapulcopress.com\/index.php\/wp-json\/wp\/v2\/posts"}],"about":[{"href":"https:\/\/www.acapulcopress.com\/index.php\/wp-json\/wp\/v2\/types\/post"}],"author":[{"embeddable":true,"href":"https:\/\/www.acapulcopress.com\/index.php\/wp-json\/wp\/v2\/users\/2"}],"replies":[{"embeddable":true,"href":"https:\/\/www.acapulcopress.com\/index.php\/wp-json\/wp\/v2\/comments?post=1225738"}],"version-history":[{"count":0,"href":"https:\/\/www.acapulcopress.com\/index.php\/wp-json\/wp\/v2\/posts\/1225738\/revisions"}],"wp:featuredmedia":[{"embeddable":true,"href":"https:\/\/www.acapulcopress.com\/index.php\/wp-json\/"}],"wp:attachment":[{"href":"https:\/\/www.acapulcopress.com\/index.php\/wp-json\/wp\/v2\/media?parent=1225738"}],"wp:term":[{"taxonomy":"category","embeddable":true,"href":"https:\/\/www.acapulcopress.com\/index.php\/wp-json\/wp\/v2\/categories?post=1225738"},{"taxonomy":"post_tag","embeddable":true,"href":"https:\/\/www.acapulcopress.com\/index.php\/wp-json\/wp\/v2\/tags?post=1225738"}],"curies":[{"name":"wp","href":"https:\/\/api.w.org\/{rel}","templated":true}]}}