{"id":1225745,"date":"2021-04-30T01:25:37","date_gmt":"2021-04-30T06:25:37","guid":{"rendered":"https:\/\/www.acapulcopress.com\/?p=1225745"},"modified":"2021-04-30T01:25:37","modified_gmt":"2021-04-30T06:25:37","slug":"guerrero-reforzara-seguridad-en-zirandaro-y-limites-con-michoacan","status":"publish","type":"post","link":"https:\/\/www.acapulcopress.com\/index.php\/2021\/04\/30\/guerrero-reforzara-seguridad-en-zirandaro-y-limites-con-michoacan\/","title":{"rendered":"Guerrero reforzar\u00e1 seguridad en Zir\u00e1ndaro y l\u00edmites con Michoac\u00e1n"},"content":{"rendered":"<p style=\"text-align: justify;\">] CHILPANCINGO. &#8216; 29 de abril de 2021.<br \/>\n) Gobierno de Guerrero.<\/p>\n<p style=\"text-align: justify;\">El gobernador H\u00e9ctor Astudillo Flores y los titulares de la Mesa de Coordinaci\u00f3n para la Construcci\u00f3n de la Paz, acordaron reforzar acciones en municipios de la zona Norte y Tierra Caliente, as\u00ed como en los l\u00edmites con Michoac\u00e1n y mantener operativos en el estado, mismos que han reducido la incidencia delictiva en Guerrero y que municipios prioritarios como Taxco registre una reducci\u00f3n del 29.41 por ciento en homicidios dolosos, Zihuatanejo con 61.29 por ciento menos y Chilpancingo 51.16 por ciento a la baja.<\/p>\n<p>El gobernador llam\u00f3 a fortalecer los trabajos de inteligencia y los operativos en los municipios de Iguala, Zir\u00e1ndaro de los Ch\u00e1vez y Acapulco, as\u00ed como en los l\u00edmites de Guerrero con Michoac\u00e1n en la zona de Tierra Caliente, con el objetivo de continuar disminuyendo los indicadores delictivos de Guerrero con el apoyo de la Secretar\u00eda de la Defensa Nacional, Guardia Nacional, la Fiscal\u00eda General del Estado y la Polic\u00eda Estatal.<\/p>\n<p>El secretario de Seguridad P\u00fablica, David Portillo Menchaca, inform\u00f3 del consolidado de actividades delictivas en las \u00faltimas 24 horas, as\u00ed como de las estad\u00edsticas de seguridad en Guerrero que mantienen una tendencia a la baja en delitos de alto impacto como los homicidios dolosos.<\/p>\n<p style=\"text-align: justify;\">\nMientras que el Fiscal General del Estado, Jorge Zuriel de los Santos Barrila, dio detalles de las investigaciones que se han iniciado por los hechos delictivos y llevar ante la justicia a los responsables.<\/p>\n<p>Estuvieron presentes, el secretario general de Gobierno, Florencio Salazar Adame; el comandante de la Novena Regi\u00f3n Militar, Eufemio Ibarra Flores; el comandante de la Octava Regi\u00f3n Naval, Julio C\u00e9sar Pescina \u00c1vila; el comandante de la 35 zona Militar, Miguel \u00c1ngel Aguirre Lara; el comandante de la 27 zona Militar, Federico San Juan Rosales y el Coordinador Estatal de la Guardia Nacional, Lucio Vergara G\u00f3mez.<\/p>\n<p>As\u00ed como el delegado de la FGR, Fernando Garc\u00eda Fern\u00e1ndez; el representante del Centro Nacional de Inteligencia, Juan Gabriel Sosa Pintos; el Presidente de la Comisi\u00f3n Estatal de Derechos Humanos, Ram\u00f3n Navarrete Magdaleno; el Secretario T\u00e9cnico, Hermes Teodoro Gonz\u00e1lez; el Presidente de Coparmex Chilpancingo, Joel Moreno Temelo; el subsecretario de Asuntos Pol\u00edticos, Mart\u00edn Maldonado del Moral; el secretario de Protecci\u00f3n Civil, Marco C\u00e9sar Mayares Salvador, entre otros funcionarios estatales y federales.<\/p>\n","protected":false},"excerpt":{"rendered":"<p>] CHILPANCINGO. &#8216; 29 de abril de 2021. ) Gobierno de Guerrero. El gobernador H\u00e9ctor Astudillo Flores y los titulares de la Mesa de Coordinaci\u00f3n para la Construcci\u00f3n de la Paz, acordaron reforzar acciones en municipios de la zona Norte y Tierra Caliente, as\u00ed como en los l\u00edmites con Michoac\u00e1n y mantener operativos en el&#8230;<\/p>\n","protected":false},"author":2,"featured_media":1225746,"comment_status":"closed","ping_status":"closed","sticky":false,"template":"","format":"standard","meta":{"footnotes":""},"categories":[1972,18574],"tags":[],"class_list":["post-1225745","post","type-post","status-publish","format-standard","has-post-thumbnail","hentry","category-special","category-gobierno-la-foto"],"_links":{"self":[{"href":"https:\/\/www.acapulcopress.com\/index.php\/wp-json\/wp\/v2\/posts\/1225745","targetHints":{"allow":["GET"]}}],"collection":[{"href":"https:\/\/www.acapulcopress.com\/index.php\/wp-json\/wp\/v2\/posts"}],"about":[{"href":"https:\/\/www.acapulcopress.com\/index.php\/wp-json\/wp\/v2\/types\/post"}],"author":[{"embeddable":true,"href":"https:\/\/www.acapulcopress.com\/index.php\/wp-json\/wp\/v2\/users\/2"}],"replies":[{"embeddable":true,"href":"https:\/\/www.acapulcopress.com\/index.php\/wp-json\/wp\/v2\/comments?post=1225745"}],"version-history":[{"count":0,"href":"https:\/\/www.acapulcopress.com\/index.php\/wp-json\/wp\/v2\/posts\/1225745\/revisions"}],"wp:featuredmedia":[{"embeddable":true,"href":"https:\/\/www.acapulcopress.com\/index.php\/wp-json\/"}],"wp:attachment":[{"href":"https:\/\/www.acapulcopress.com\/index.php\/wp-json\/wp\/v2\/media?parent=1225745"}],"wp:term":[{"taxonomy":"category","embeddable":true,"href":"https:\/\/www.acapulcopress.com\/index.php\/wp-json\/wp\/v2\/categories?post=1225745"},{"taxonomy":"post_tag","embeddable":true,"href":"https:\/\/www.acapulcopress.com\/index.php\/wp-json\/wp\/v2\/tags?post=1225745"}],"curies":[{"name":"wp","href":"https:\/\/api.w.org\/{rel}","templated":true}]}}