{"id":1225751,"date":"2021-04-30T17:35:40","date_gmt":"2021-04-30T22:35:40","guid":{"rendered":"https:\/\/www.acapulcopress.com\/?p=1225751"},"modified":"2021-04-30T17:35:40","modified_gmt":"2021-04-30T22:35:40","slug":"anorve-asume-secretaria-de-mesa-directiva-de-comision-permanente-del-congreso-de-la-union","status":"publish","type":"post","link":"https:\/\/www.acapulcopress.com\/index.php\/2021\/04\/30\/anorve-asume-secretaria-de-mesa-directiva-de-comision-permanente-del-congreso-de-la-union\/","title":{"rendered":"A\u00f1orve asume Secretar\u00eda de Mesa Directiva de Comisi\u00f3n Permanente del Congreso de la Uni\u00f3n"},"content":{"rendered":"<p style=\"text-align: justify;\">] CIUDAD DE M\u00c9XICO. &#8216; 30 de abril de 2021.<br \/>\n<em>) Especial.<\/em><\/p>\n<p style=\"text-align: justify;\">El Senador de la Rep\u00fablica Manuel A\u00f1orve Ba\u00f1os asumi\u00f3 este d\u00eda, durante la Sesi\u00f3n de Instalaci\u00f3n de la Comisi\u00f3n Permanente del Congreso de la Uni\u00f3n,de la cual es integrante, el nombramiento como Secretario de la Mesa Directiva.<\/p>\n<p style=\"text-align: justify;\">A\u00f1orve Ba\u00f1os, expres\u00f3 que seguir\u00e1 legislando por el bien de Guerrero y le expres\u00f3 al Presidente del Senado, Eduardo Ram\u00edrez, con quien mantiene una amistad desde hace muchos a\u00f1os, su compromiso para trabajar de manera coordinada a fin de sacar adelante los principales temas legislativos.<\/p>\n<p style=\"text-align: justify;\">Adem\u00e1s puntualiz\u00f3 que la pluralidad que se vive en el Congreso de la Uni\u00f3n es importante, pero que eso no es sin\u00f3nimo para no avanzar en el desahogo de las principales leyes.<\/p>\n<p style=\"text-align: justify;\">Finalmente agreg\u00f3 que es necesario continuar con la coordinaci\u00f3n de esfuerzos para que, desde el Senado, se apoye a Guerrero con las propuestas que mejor le convengan a la ciudadan\u00eda.<\/p>\n","protected":false},"excerpt":{"rendered":"<p>] CIUDAD DE M\u00c9XICO. &#8216; 30 de abril de 2021. ) Especial. El Senador de la Rep\u00fablica Manuel A\u00f1orve Ba\u00f1os asumi\u00f3 este d\u00eda, durante la Sesi\u00f3n de Instalaci\u00f3n de la Comisi\u00f3n Permanente del Congreso de la Uni\u00f3n,de la cual es integrante, el nombramiento como Secretario de la Mesa Directiva. A\u00f1orve Ba\u00f1os, expres\u00f3 que seguir\u00e1 legislando&#8230;<\/p>\n","protected":false},"author":2,"featured_media":1225752,"comment_status":"closed","ping_status":"closed","sticky":false,"template":"","format":"standard","meta":{"footnotes":""},"categories":[61,18561],"tags":[6202,6374,12366],"class_list":["post-1225751","post","type-post","status-publish","format-standard","has-post-thumbnail","hentry","category-legislacion","category-society-politics","tag-comision-permanente","tag-congreso-de-la-union","tag-manuel-anorve-banos"],"_links":{"self":[{"href":"https:\/\/www.acapulcopress.com\/index.php\/wp-json\/wp\/v2\/posts\/1225751","targetHints":{"allow":["GET"]}}],"collection":[{"href":"https:\/\/www.acapulcopress.com\/index.php\/wp-json\/wp\/v2\/posts"}],"about":[{"href":"https:\/\/www.acapulcopress.com\/index.php\/wp-json\/wp\/v2\/types\/post"}],"author":[{"embeddable":true,"href":"https:\/\/www.acapulcopress.com\/index.php\/wp-json\/wp\/v2\/users\/2"}],"replies":[{"embeddable":true,"href":"https:\/\/www.acapulcopress.com\/index.php\/wp-json\/wp\/v2\/comments?post=1225751"}],"version-history":[{"count":0,"href":"https:\/\/www.acapulcopress.com\/index.php\/wp-json\/wp\/v2\/posts\/1225751\/revisions"}],"wp:featuredmedia":[{"embeddable":true,"href":"https:\/\/www.acapulcopress.com\/index.php\/wp-json\/"}],"wp:attachment":[{"href":"https:\/\/www.acapulcopress.com\/index.php\/wp-json\/wp\/v2\/media?parent=1225751"}],"wp:term":[{"taxonomy":"category","embeddable":true,"href":"https:\/\/www.acapulcopress.com\/index.php\/wp-json\/wp\/v2\/categories?post=1225751"},{"taxonomy":"post_tag","embeddable":true,"href":"https:\/\/www.acapulcopress.com\/index.php\/wp-json\/wp\/v2\/tags?post=1225751"}],"curies":[{"name":"wp","href":"https:\/\/api.w.org\/{rel}","templated":true}]}}