{"id":1225759,"date":"2021-04-30T18:22:30","date_gmt":"2021-04-30T23:22:30","guid":{"rendered":"https:\/\/www.acapulcopress.com\/?p=1225759"},"modified":"2021-04-30T18:22:30","modified_gmt":"2021-04-30T23:22:30","slug":"captura-fiscalia-guerrero-a-tres-homicidas-entre-ellos-una-mujer","status":"publish","type":"post","link":"https:\/\/www.acapulcopress.com\/index.php\/2021\/04\/30\/captura-fiscalia-guerrero-a-tres-homicidas-entre-ellos-una-mujer\/","title":{"rendered":"Captura Fiscal\u00eda Guerrero a tres homicidas, entre ellos una mujer"},"content":{"rendered":"<p>] CHILPANCINGO. &#8216; 30 de abril de 2021.<br \/>\n<em>) <a href=\"https:\/\/fiscaliaguerrero.gob.mx\" target=\"_blank\" rel=\"noopener\">https:\/\/fiscaliaguerrero.gob.mx<\/a>.<\/em><\/p>\n<p style=\"text-align: justify;\">Fiscal\u00eda de Guerrero, a trav\u00e9s de la Polic\u00eda Investigadora Ministerial de Acapulco, dio cumplimiento a la orden de <img loading=\"lazy\" decoding=\"async\" class=\"alignleft size-medium wp-image-1225760\" src=\"https:\/\/www.acapulco.press\/wp-content\/uploads\/2021\/04\/FGE-JUAN-CARLOS-375x358.jpg\" alt=\"\" width=\"375\" height=\"358\" \/>aprehensi\u00f3n en contra de quien dijo llamarse Ricardo \u00abN\u00bb y Lizbeth \u00abN\u00bb, detenidos como probables responsables del delito de Homicidio Calificado en agravio de Miguel \u00abN\u00bb, hechos en la carpeta judicial C-284\/2021 puestos a disposici\u00f3n del Juez de Control y Enjuiciamiento Penal del Distrito Judicial de Tabares.<\/p>\n<p style=\"text-align: justify;\">As\u00ed mismo, la Polic\u00eda Investigadora Ministerial dio cumplimiento a la orden de aprehensi\u00f3n en contra de quien dijo llamarse Juan Carlos \u00abN\u00bb, detenido en el entronque de Barrio Viejo de la comunidad La Salitrera, Zihuatanejo, como probable responsable del delito de Homicidio Calificado en agravio de f\u00e9mina, hechos en la causa penal 38\/2003-I, quedando a disposici\u00f3n del Juez Segundo Penal del Distrito Judicial de Azueta.<\/p>\n","protected":false},"excerpt":{"rendered":"<p>] CHILPANCINGO. &#8216; 30 de abril de 2021. ) https:\/\/fiscaliaguerrero.gob.mx. Fiscal\u00eda de Guerrero, a trav\u00e9s de la Polic\u00eda Investigadora Ministerial de Acapulco, dio cumplimiento a la orden de aprehensi\u00f3n en contra de quien dijo llamarse Ricardo \u00abN\u00bb y Lizbeth \u00abN\u00bb, detenidos como probables responsables del delito de Homicidio Calificado en agravio de Miguel \u00abN\u00bb, hechos&#8230;<\/p>\n","protected":false},"author":2,"featured_media":1225761,"comment_status":"closed","ping_status":"closed","sticky":false,"template":"","format":"standard","meta":{"footnotes":""},"categories":[18561,2005],"tags":[8682,10946,14737],"class_list":["post-1225759","post","type-post","status-publish","format-standard","has-post-thumbnail","hentry","category-society-politics","category-seguridad-y-justicia","tag-fiscalia-general-de-guerrero-fge","tag-jorge-zuriel-de-los-santos-barrila","tag-policia-ministerial-de-guerrero"],"_links":{"self":[{"href":"https:\/\/www.acapulcopress.com\/index.php\/wp-json\/wp\/v2\/posts\/1225759","targetHints":{"allow":["GET"]}}],"collection":[{"href":"https:\/\/www.acapulcopress.com\/index.php\/wp-json\/wp\/v2\/posts"}],"about":[{"href":"https:\/\/www.acapulcopress.com\/index.php\/wp-json\/wp\/v2\/types\/post"}],"author":[{"embeddable":true,"href":"https:\/\/www.acapulcopress.com\/index.php\/wp-json\/wp\/v2\/users\/2"}],"replies":[{"embeddable":true,"href":"https:\/\/www.acapulcopress.com\/index.php\/wp-json\/wp\/v2\/comments?post=1225759"}],"version-history":[{"count":0,"href":"https:\/\/www.acapulcopress.com\/index.php\/wp-json\/wp\/v2\/posts\/1225759\/revisions"}],"wp:featuredmedia":[{"embeddable":true,"href":"https:\/\/www.acapulcopress.com\/index.php\/wp-json\/"}],"wp:attachment":[{"href":"https:\/\/www.acapulcopress.com\/index.php\/wp-json\/wp\/v2\/media?parent=1225759"}],"wp:term":[{"taxonomy":"category","embeddable":true,"href":"https:\/\/www.acapulcopress.com\/index.php\/wp-json\/wp\/v2\/categories?post=1225759"},{"taxonomy":"post_tag","embeddable":true,"href":"https:\/\/www.acapulcopress.com\/index.php\/wp-json\/wp\/v2\/tags?post=1225759"}],"curies":[{"name":"wp","href":"https:\/\/api.w.org\/{rel}","templated":true}]}}